{"provider_url": "https://www.descanso.sc.leg.br", "title": "32\u00aa SESS\u00c3O ORDIN\u00c1RIA", "html": "<p align=\"center\"><b>C\u00c2MARA MUNICIPAL DE DESCANSO</b></p>\r\n<p align=\"center\"><b>\u00a0</b></p>\r\n<p align=\"center\"><b>32\u00aa SESS\u00c3O ORDIN\u00c1RIA</b></p>\r\n<p align=\"center\"><b>\u00a0</b></p>\r\n<p align=\"center\"><b>21/08/2018 TER\u00c7A-FEIRA</b></p>\r\n<p align=\"center\"><b>\u00a0</b></p>\r\n<p align=\"center\"><b>PEQUENO EXPEDIENTE</b></p>\r\n<p align=\"center\"><b>\u00a0</b></p>\r\n<p align=\"center\"><b>Autoria: Poder Executivo</b></p>\r\n<p align=\"center\"><b>Of\u00edcio n\u00ba 391/2018:\u00a0</b></p>\r\n<p align=\"center\">Por meio do of\u00edcio n\u00ba 391/2018, o Prefeito Municipal encaminhou para delibera\u00e7\u00e3o desta Casa o seguinte Projeto de Lei:<b></b></p>\r\n<p align=\"center\"><b>\"ABERTURA DE CR\u00c9DITO ADICIONAL SUPLEMENTAR NO VALOR DE R$ 110.000,00 E D\u00c1 OUTRAS PROVID\u00caNCIAS\".</b></p>\r\n<p align=\"center\"><b>\u00a0</b></p>\r\n<p align=\"center\"><b><i><span>Projeto de Lei n\u00ba 74/2018</span></i></b></p>\r\n<p align=\"center\"><b>\"ABERTURA DE CR\u00c9DITO ADICIONAL SUPLEMENTAR NO VALOR DE R$ 110.000,00 E D\u00c1 OUTRAS PROVID\u00caNCIAS\".</b></p>\r\n<p align=\"center\"><b><br /></b></p>\r\n<p align=\"center\"><b>O PROJETO DE LEI N\u00ba 74/2018 FOI ENCAMINHADO AS COMISS\u00d5ES T\u00c9CNICAS E PERMANENTES DA CASA.</b></p>\r\n<p align=\"center\"><b>\u00a0</b></p>\r\n<p align=\"center\"><b>Autor: Denilso Francisco Vicentin</b></p>\r\n<p align=\"center\"><b></b><b>Indica\u00e7\u00e3o n\u00ba 97/2018: </b><span>Solicitando melhorias do canteiro central na Av. Ladislava Poleto.</span></p>\r\n<p><b>\u00a0</b></p>\r\n<p align=\"center\"><b>Autor: Volmir Adelar Casagrande</b></p>\r\n<p><b>Indica\u00e7\u00e3o n\u00ba 98/2018:</b> Solicitando a constru\u00e7\u00e3o de um ref\u00fagio \u00e0s margens da SC 163/KM 78, mais expressivamente no lado direito do sentido Ipor\u00e3 do Oeste/SC a Descanso/SC em frente \u00e0 propriedade de Laurindo Ferraboli, em L\u00aa S\u00e3o Valentin, Descanso/SC.</p>\r\n<p><b>\u00a0</b></p>\r\n<p align=\"center\"><b>Autor: M\u00e1rcio Maximino Bortoloto</b></p>\r\n<p><b>Indica\u00e7\u00e3o n\u00ba 99/2018: </b>Solicitando ao setor competente, tome as medidas necess\u00e1rias para proceder a cria\u00e7\u00e3o e contrata\u00e7\u00e3o, mediante concurso p\u00fablico, de profissional devidamente habilitado para desempenhar a fun\u00e7\u00e3o de Fiscal de Obras e Posturas, ligado ao setor de engenharia do munic\u00edpio.</p>\r\n<p><b>\u00a0</b></p>\r\n<p align=\"center\"><b>Autor: Todos os Vereadores</b></p>\r\n<p><b>Mo\u00e7\u00e3o de Apelo n\u00ba 30/2018: </b>Apelando ao Presidente da Assembleia Legislativa, Exmo. Sr. Silvio Dreveck, e ao Governador do Estado, Sr. Eduardo Pinho Moreira, para que seja criado, discutido e aprovado, Projeto de Lei Instituindo o Dia em Mem\u00f3ria \u00e0 Coluna Prestes, a ser comemorado em todo o Estado no dia 02 de fevereiro de cada ano.</p>\r\n<p align=\"center\"><b>\u00a0</b></p>\r\n<p align=\"center\"><b>\u00a0</b></p>\r\n<p align=\"center\"><b>ORDEM DO DIA</b></p>\r\n<p align=\"center\"><b>\u00a0</b></p>\r\n<p align=\"center\"><b>Segunda Discuss\u00e3o e Vota\u00e7\u00e3o</b></p>\r\n<p align=\"center\">Projeto de Lei n\u00ba 61/2018</p>\r\n<p align=\"center\">Projeto de Lei n\u00ba 62/2018</p>\r\n<p align=\"center\">Projeto de Lei n\u00ba 64/2018</p>\r\n<p align=\"center\">Projeto de Lei n\u00ba 66/2018</p>\r\n<p align=\"center\">Projeto de Lei n\u00ba 68/2018</p>\r\n<p align=\"center\">Projeto de Lei n\u00ba 71/2018</p>\r\n<p align=\"center\">Projeto de Lei n\u00ba 73/2018</p>\r\n<p align=\"center\"><b>\u00a0</b></p>\r\n<p>\u00a0</p>", "author_name": "", "version": "1.0", "author_url": "https://www.descanso.sc.leg.br/author/deo", "provider_name": "C\u00e2mara Municipal de Vereadores", "type": "rich"}