{"provider_url": "https://www.descanso.sc.leg.br", "title": "30\u00aa SESS\u00c3O ORDIN\u00c1RIA", "html": "<p align=\"center\"><b>C\u00c2MARA MUNICIPAL DE DESCANSO</b></p>\r\n<p align=\"center\"><b>\u00a0</b></p>\r\n<p align=\"center\"><b>30\u00aa SESS\u00c3O ORDIN\u00c1RIA</b></p>\r\n<p align=\"center\"><b>\u00a0</b></p>\r\n<p align=\"center\"><b>14/08/2018 TER\u00c7A-FEIRA</b></p>\r\n<p align=\"center\"><b>\u00a0</b></p>\r\n<p align=\"center\"><b>PEQUENO EXPEDIENTE</b></p>\r\n<p align=\"center\"><b>\u00a0</b></p>\r\n<p align=\"center\"><b>Autoria: Poder Executivo</b></p>\r\n<p align=\"center\"><b>Of\u00edcio n\u00ba 378/2018: </b>Por meio do of\u00edcio n\u00ba 378/2018, o Prefeito Municipal encaminhou para delibera\u00e7\u00e3o desta Casa o seguinte Projeto de Lei:<b></b></p>\r\n<p align=\"center\"><b>\u201cDISP\u00d5E SOBRE DENOMINA\u00c7\u00c3O DE PR\u00c9DIO P\u00daBLICO E D\u00c1 OUTRAS PROVID\u00caNCIAS\u201d.</b></p>\r\n<p align=\"center\"><b>\u00a0</b></p>\r\n<p align=\"center\"><b><i><span>Projeto de Lei n\u00ba 71/2018</span></i></b></p>\r\n<p align=\"center\">DISP\u00d5E SOBRE DENOMINA\u00c7\u00c3O DE PR\u00c9DIO P\u00daBLICO E D\u00c1 OUTRAS PROVID\u00caNCIAS.</p>\r\n<p align=\"center\">\u00a0</p>\r\n<p align=\"center\"><b>O Projeto de Lei n\u00ba 71/2018 foi encaminhado as Comiss\u00f5es T\u00e9cnicas e Permanentes da Casa.</b></p>\r\n<p align=\"center\"><b>\u00a0</b></p>\r\n<p align=\"center\"><b>Autoria: Poder Executivo</b></p>\r\n<p align=\"center\"><b>Of\u00edcio n\u00ba 383/2018: </b>Por meio do of\u00edcio n\u00ba 383/2018, o Prefeito Municipal encaminhou para delibera\u00e7\u00e3o desta Casa os seguintes Projetos de Leis:<b></b></p>\r\n<p align=\"center\"><b>\u201cAUTORIZA ABERTURA DE CR\u00c9DITO ADICIONAL SUPLEMENTAR NO VALOR DE R$ 161.000,00 E D\u00c1 OUTRAS PROVID\u00caNCIAS\u201d.</b></p>\r\n<p align=\"center\"><b>\u201cAUTORIZA ABERTURA DE CR\u00c9DITO ADICIONAL SUPLEMENTAR NO VALOR DE R$ 10.000,00 E D\u00c1 OUTRAS PROVID\u00caNCIAS\u201d.</b></p>\r\n<p align=\"center\"><b>\u00a0</b></p>\r\n<p align=\"center\"><b><i><span>Projeto de Lei n\u00b0 72/2018</span></i></b></p>\r\n<p align=\"center\">AUTORIZA ABERTURA DE CR\u00c9DITO ADICIONAL SUPLEMENTAR NO VALOR DE R$ 161.000,00 E D\u00c1 OUTRAS PROVID\u00caNCIAS.</p>\r\n<p align=\"center\"><b>\u00a0</b></p>\r\n<p align=\"center\"><b><i><span>Projeto de Lei n\u00ba 73/2018</span></i></b></p>\r\n<p align=\"center\">AUTORIZA ABERTURA DE CR\u00c9DITO ADICIONAL SUPLEMENTAR NO VALOR DE R$ 10.000,00 E D\u00c1 OUTRAS PROVID\u00caNCIAS.</p>\r\n<p align=\"center\"><b>\u00a0</b></p>\r\n<p align=\"center\"><b>Os Projetos de Leis n\u00ba 72/2018 e 73/2018 foram encaminhados as Comiss\u00f5es T\u00e9cnicas e Permanentes da Casa.</b></p>\r\n<p><b>\u00a0</b></p>\r\n<p align=\"center\"><b>Autoria: M\u00e1rio Francisco Pissaia</b></p>\r\n<p align=\"center\"><b>Indica\u00e7\u00e3o n\u00ba 95/2018: </b>Solicitando a coloca\u00e7\u00e3o de placas sinalizando redu\u00e7\u00e3o de velocidade e a constru\u00e7\u00e3o de lombada em frente \u00e0 propriedade de Dair Baumgardt, em L\u00aa Cachoeirinha.<b></b></p>\r\n<p align=\"center\"><b>\u00a0</b></p>\r\n<p align=\"center\"><b>Autoria: M\u00e1rcio Maximino Bortoloto</b></p>\r\n<p align=\"center\"><b>Indica\u00e7\u00e3o n\u00ba 96/2018: </b>Solicitando que o setor competente tome as medidas necess\u00e1rias para proceder \u00e0 limpeza dos lotes de propriedade da municipalidade localizados no Bairro Industrial, tendo em vista a quantidade de entulhos, lixo e mato existente no local.<b></b></p>\r\n<p align=\"center\"><b>\u00a0</b></p>\r\n<p align=\"center\"><b>ORDEM DO DIA</b><b></b></p>\r\n<p align=\"center\"><b>\u00a0</b></p>\r\n<p align=\"center\"><b>Segunda Discuss\u00e3o e Vota\u00e7\u00e3o</b><b></b></p>\r\n<p align=\"center\">Projeto de Lei n\u00ba 59/2018</p>\r\n<p align=\"center\"><b>\u00a0</b></p>\r\n<p align=\"center\"><b>Primeira Discuss\u00e3o e Vota\u00e7\u00e3o</b><b></b></p>\r\n<p align=\"center\">Projeto de Lei n\u00ba 70/2018<b></b></p>\r\n<p><b>\u00a0</b></p>\r\n<p>\u00a0</p>\r\n<p align=\"center\"><b>\u00a0</b></p>\r\n<p>\u00a0</p>", "author_name": "", "version": "1.0", "author_url": "https://www.descanso.sc.leg.br/author/deo", "provider_name": "C\u00e2mara Municipal de Vereadores", "type": "rich"}