{"provider_url": "https://www.descanso.sc.leg.br", "title": "2\u00aa SESS\u00c3O ORDIN\u00c1RIA DA C\u00c2MARA MIRIM 2019", "html": "<p>Os vereadores mirins de Descanso realizaram na manha desta quinta-feira (06/06) o encontro mensal de junho. Nesta sess\u00e3o, foram apresentadas oito indica\u00e7\u00f5es, sendo a <b>Indica\u00e7\u00e3o n\u00ba 05/2019</b>, de Douglas Rodrigues, solicitando ao Executivo, que estude as possibilidades e a viabilidade de que haja uma profissional da \u00e1rea de psicopedag\u00f3gico para estar atendendo nas escolas do munic\u00edpio.</p>\r\n<p><b>A Indica\u00e7\u00e3o n\u00ba 06/2019</b>, de Amanda Battistel, solicitando ao Executivo, que estude as possibilidades de ser feito a poda de um arbusto localizado na Av. Santa Helena, na esquina do empreendimento Tozzeto, Rua Santo Ant\u00f4nio.</p>\r\n<p><b>A Indica\u00e7\u00e3o n\u00ba 07/2019</b>, de Amanda Battistel, solicitando ao Executivo e ao DEINFRA, para que estudem as possibilidades e a viabilidade de altera\u00e7\u00e3o de sinaliza\u00e7\u00e3o na pista para que o acostamento entre o Mercado Serve Dia e a Madeireira Mergen torna-se terceira faixa, servindo como trecho de desafoga mento de tr\u00e2nsito, sentido Descanso a S\u00e3o Miguel do Oeste.</p>\r\n<p><b>A Indica\u00e7\u00e3o n\u00ba 08/2019</b>, de \u00c9rica Cappellaro, solicitando ao Executivo, cumprimento da Lei n\u00ba 1669/2018.</p>\r\n<p><b>A Indica\u00e7\u00e3o n\u00ba 09/2019</b>, de \u00c9rica Cappellaro, solicitando ao Executivo, a viabilidade de que haja pavimenta\u00e7\u00e3o com pedras irregulares e ilumina\u00e7\u00e3o p\u00fablica na Rua Jo\u00e3o Lemos.</p>\r\n<p><b>A Indica\u00e7\u00e3o n\u00ba 10/2019</b>, de Carla Salete Minozzo, solicitando ao Executivo e ao DEINFRA, melhorias de infraestrutura e sinaliza\u00e7\u00f5es necess\u00e1rias no acesso a Escola de Educa\u00e7\u00e3o B\u00e1sica Itajub\u00e1, localizada na Rua Bernardina Ghissi, Distrito de Itajub\u00e1.</p>\r\n<p><b>A Indica\u00e7\u00e3o n\u00ba 11/2019</b>, de Tamires Nora, solicitando ao Executivo, recupera\u00e7\u00e3o de sarjetas e bueiros, no mesmo modo adequa\u00e7\u00e3o de novos bueiros nas estradas vicinais de nosso munic\u00edpio.</p>\r\n<p><b>A Indica\u00e7\u00e3o n\u00ba 12/2019</b>, de Keila Regina Mayer, solicitando ao Executivo Municipal e ao DEINFRA, sinaliza\u00e7\u00e3o de faixa de pedestre na BR-163 no Distrito de Itajub\u00e1, mais expressivamente em frente ao Comercial Santa L\u00facia.</p>\r\n<p>Os trabalhos dos vereadores mirins foram prestigiados pelo vereador presidente M\u00e1rcio Maximino Bortoloto, vereador Volmir Adelar Casagrande, suplentes mirins e funcion\u00e1rios da Casa Legislativa.</p>\r\n<p>A pr\u00f3xima sess\u00e3o dos vereadores mirins ser\u00e1 no dia 5 de julho, \u00e0s 08h30min.</p>\r\n<p><img src=\"https://www.descanso.sc.leg.br/institucional/fotos/file122.jpeg/@@images/cbbe5791-0b07-4172-a7dc-751973b78aee.jpeg\" alt=\"\" class=\"image-inline\" title=\"\" /><img src=\"https://www.descanso.sc.leg.br/institucional/fotos/file28.jpeg/@@images/ac2e8bca-7740-4cdc-b673-856e67441925.jpeg\" alt=\"\" class=\"image-inline\" title=\"\" /><img src=\"https://www.descanso.sc.leg.br/institucional/fotos/file215.jpeg/@@images/8ac7c380-86f0-4538-925b-60be547359a3.jpeg\" alt=\"\" class=\"image-inline\" title=\"\" /></p>", "author_name": "", "version": "1.0", "author_url": "https://www.descanso.sc.leg.br/author/deo", "provider_name": "C\u00e2mara Municipal de Vereadores", "type": "rich"}