{"provider_url": "https://www.descanso.sc.leg.br", "title": "26\u00aa SESS\u00c3O ORDIN\u00c1RIA DE 2018", "html": "<p align=\"center\"><b>C\u00c2MARA MUNICIPAL DE DESCANSO</b></p>\r\n<p align=\"center\"><b>\u00a0</b></p>\r\n<p align=\"center\"><b>26\u00aa SESS\u00c3O ORDIN\u00c1RIA</b></p>\r\n<p align=\"center\"><b>\u00a0</b></p>\r\n<p align=\"center\"><b>04/07/2018 QUARTA-FEIRA</b></p>\r\n<p align=\"center\"><b>\u00a0</b></p>\r\n<p align=\"center\"><b>PEQUENO EXPEDIENTE</b></p>\r\n<p align=\"center\"><b>\u00a0</b></p>\r\n<p align=\"center\"><b>Autoria: Poder Executivo</b></p>\r\n<p><b> Of\u00edcio</b><b> </b><b>n\u00ba 289/2018: </b>Por meio do of\u00edcio n\u00ba 289/2018, o Prefeito Municipal encaminhou para delibera\u00e7\u00e3o desta Casa os seguintes Projetos de Leis: Projeto de Lei n\u00ba 52/2018, Projeto de Lei n\u00ba 53/2018 e Projeto de Lei n\u00ba 54/2018.<b></b></p>\r\n<p><b><span>\u00a0</span></b></p>\r\n<p align=\"center\"><b><i><span>Projeto de Lei n\u00ba 52/2018</span></i></b></p>\r\n<p align=\"center\"><b>\u201c</b>AUTORIZA ABERTURA DE CR\u00c9DITO ADICIONAL SUPLEMENTAR NO VALOR DE R$ 12.000,00 E D\u00c1 OUTRAS PROVID\u00caNCIAS.<b>\u201d</b></p>\r\n<p align=\"center\"><b><span>\u00a0</span></b></p>\r\n<p align=\"center\"><b><i><span>Projeto de Lei n\u00ba 53/2018</span></i></b></p>\r\n<p align=\"center\"><b>\u201c</b>AUTORIZA ABERTURA DE CR\u00c9DITO ADICIONAL SUPLEMENTAR NO VALOR DE R$ 45.000,00 E D\u00c1 OUTRAS PROVID\u00caNCIAS.<b>\u201d</b></p>\r\n<p align=\"center\"><b><span>\u00a0</span></b></p>\r\n<p align=\"center\"><b><i><span>Projeto de Lei n\u00ba 54/2018</span></i></b></p>\r\n<p align=\"center\"><b>\u201c</b>AUTORIZA ABERTURA DE CR\u00c9DITO ADICIONAL SUPLEMENTAR NO VALOR DE R$ 103.000,00 E D\u00c1 OUTRAS PROVID\u00caNCIAS.<b>\u201d<i><span></span></i></b></p>\r\n<p align=\"center\"><b>\u00a0</b></p>\r\n<p align=\"center\"><b>Os Projetos de Lei n\u00ba 53/2018 e 54/2018 foram encaminhados as Comiss\u00f5es T\u00e9cnicas e Permanentes da Casa. Com a concord\u00e2ncia de todos os vereadores o Projeto de Lei n\u00ba 52/2018 foi submetido na Ordem do Dia.</b></p>\r\n<p align=\"center\"><b>\u00a0</b><b>\u00a0</b></p>\r\n<p align=\"center\"><b>Autoria: Poder Executivo</b></p>\r\n<p align=\"center\"><b>Of\u00edcio </b><b>n\u00ba 298/2018: </b>Por meio do of\u00edcio n\u00ba 298/2018, o Prefeito Municipal encaminhou para delibera\u00e7\u00e3o desta Casa os seguintes Projetos de Leis: Projeto de Lei n\u00ba 55/2018, Projeto de Lei n\u00ba 56/2018, Projeto de Lei n\u00ba 57/2018, Projeto de Lei n\u00ba 58/2018 e Projeto de Lei n\u00ba 59/2018.<b></b></p>\r\n<p align=\"center\"><b>\u00a0</b></p>\r\n<p align=\"center\"><b><i><span>Projeto de Lei n\u00ba 55/2018</span></i></b></p>\r\n<p align=\"center\"><b>\u201c</b>AUTORIZA ABERTURA DE CR\u00c9DITO ADICIONAL SUPLEMENTAR NO VALOR DE R$ 180.000,00 E D\u00c1 OUTRAS PROVID\u00caNCIAS.<b>\u201d</b></p>\r\n<p align=\"center\"><b>\u00a0</b></p>\r\n<p align=\"center\"><b><i><span>Projeto de Lei n\u00ba 56/2018</span></i></b></p>\r\n<p align=\"center\"><b>\u201c</b>AUTORIZA ABERTURA DE CR\u00c9DITO ADICIONAL SUPLEMENTAR NO VALOR DE R$ 300.000,00 E D\u00c1 OUTRAS PROVID\u00caNCIAS.<b>\u201d</b></p>\r\n<p align=\"center\"><b>\u00a0</b></p>\r\n<p align=\"center\"><b><i><span>Projeto de Lei n\u00ba 57/2018</span></i></b></p>\r\n<p align=\"center\"><b>\u201c</b>AUTORIZA O EXECUTIVO MUNICIPAL A FIRMAR TERMO DE FOMENTO COM O ROTARACT CLUB DESCANSO E D\u00c1 OUTRAS PROVID\u00caNCIAS.<b>\u201d</b></p>\r\n<p align=\"center\"><b>\u00a0</b></p>\r\n<p align=\"center\"><b><i><span>Projeto de Lei n\u00ba 58/2018</span></i></b></p>\r\n<p align=\"center\"><b>\u201c</b>AUTORIZA O PODER EXECUTIVO MUNICIPAL A ADERIR AO PROGRAMA BADESC CIDADES E TOMAR EMPR\u00c9STIMOS JUNTO AO BADESC \u2013 AG\u00caNCIA DE FOMENTO DO ESTADO DE SANTA CATARINA S/A E D\u00c1 OUTRAS PROVID\u00caNCIAS.<b>\u201d</b></p>\r\n<p align=\"center\"><b>\u00a0</b></p>\r\n<p align=\"center\"><b><i><span>Projeto de Lei n\u00ba 59/2018</span></i></b></p>\r\n<p align=\"center\"><b>\u201c</b>AUTORIZA O PODER EXECUTIVO A REVERTER IM\u00d3VEL DOADO E D\u00c1 OUTRAS PROVID\u00caNCIAS.<b>\u201d</b></p>\r\n<p align=\"center\"><b>\u00a0</b></p>\r\n<p align=\"center\"><b>Os Projetos de Lei n\u00ba 55/2018, 58/2018 e 59/2018 foram encaminhados as Comiss\u00f5es T\u00e9cnicas e Permanentes da Casa. Com a concord\u00e2ncia de todos os vereadores o Projeto de Lei n\u00ba 56/2018 e 57/2018 foram submetido na Ordem do Dia.</b></p>\r\n<p align=\"center\"><b><br /></b></p>\r\n<p align=\"center\"><b>\u00a0 Autoria: Poder Executivo</b></p>\r\n<p align=\"center\"><b>Of\u00edcio n\u00ba 306/2018: </b>Por meio do of\u00edcio n\u00ba 306/2018, o Prefeito Municipal encaminhou para delibera\u00e7\u00e3o desta Casa o seguinte Projeto de Lei n\u00ba 60/2018.<b></b></p>\r\n<p align=\"center\"><b>\u00a0</b></p>\r\n<p align=\"center\"><b><i><span>Projeto de Lei n\u00ba 60/2018</span></i></b></p>\r\n<p align=\"center\"><b>\u201c</b>AUTORIZA A ALTERA\u00c7\u00c3O DO PPA 2018/2021, DA LDO 2018 E ABERTURA DE CR\u00c9DITO ADICIONAL ESPECIAL NA LOA 2018 NO VALOR DE AT\u00c9 R$ 1.000.000,00 E D\u00c1 OUTRAS PROVID\u00caNCIAS<b>.\u201d</b></p>\r\n<p><b>\u00a0</b></p>\r\n<p align=\"center\"><b>Autoria: M\u00e1rcio Maximino Bortoloto</b></p>\r\n<p><b>Indica\u00e7\u00e3o n\u00ba 90/2018: </b>Solicitando a possibilidade para que em conjunto com os moradores da Rua F\u00e9lix Jaroseski, seja dada a continuidade do cal\u00e7amento com pedras irregulares, partindo das proximidades da resid\u00eancia de Jacinto Roceski at\u00e9 as proximidades da resid\u00eancia de Enir Machado.</p>\r\n<p>\u00a0</p>\r\n<p align=\"center\"><b>Autoria: Denilso Francisco Vicentin</b></p>\r\n<p><b>Indica\u00e7\u00e3o n\u00ba 91/2018: </b>Solicitando melhorias como patrolamento, cascalhamento e compacta\u00e7\u00e3o na estrada geral de acesso \u00e1 L\u00aa Taqu\u00e1 at\u00e9 a L\u00aa Mat\u00e3o.</p>\r\n<p><b>\u00a0</b></p>\r\n<p align=\"center\"><b>Autoria: Juliano Junior Kasper</b></p>\r\n<p><b>Indica\u00e7\u00e3o n\u00ba 92/2018: </b>Solicitando patrolamento e cascalhamento da estrada geral, iniciando no final da Rua Thomas Koproski e seguindo at\u00e9 o fim da Rua Pedro Sartorelli, localizadas nas proximidades do F\u00f3rum da Comarca de Descanso.</p>\r\n<p>\u00a0</p>\r\n<p align=\"center\"><b>Autoria: Marcos Baldo</b></p>\r\n<p><b>Indica\u00e7\u00e3o n\u00ba 93/2018: </b>Solicitando a recupera\u00e7\u00e3o dos acessos \u00e0s propriedades de Ozires Araldi, Adelira Araldi, Olides Araldi e Olir Araldi, moradores da L\u00aa Alegre.</p>\r\n<p>\u00a0</p>\r\n<p align=\"center\"><b>ORDEM DO DIA</b></p>\r\n<p align=\"center\"><b>\u00a0</b></p>\r\n<p align=\"center\"><b>Primeira Discuss\u00e3o e Vota\u00e7\u00e3o</b></p>\r\n<p align=\"center\"><b>Projeto de Lei n\u00ba 52/2018</b></p>\r\n<p align=\"center\"><b>Projeto de Lei n\u00ba 56/2018</b></p>\r\n<p align=\"center\"><b>Projeto de Lei n\u00ba 57/2018</b></p>\r\n<p align=\"center\"><b>\u00a0</b></p>", "author_name": "", "version": "1.0", "author_url": "https://www.descanso.sc.leg.br/author/deo", "provider_name": "C\u00e2mara Municipal de Vereadores", "type": "rich"}