{"provider_url": "https://www.descanso.sc.leg.br", "title": "25\u00aa SESS\u00c3O ORDIN\u00c1RIA DE 2019", "html": "<p><b>25\u00aa Sess\u00e3o Ordin\u00e1ria de 2019 do Terceiro Per\u00edodo Legislativo \u2013 19 de junho de 2019.</b></p>\r\n<p><b><span>\u00a0</span></b></p>\r\n<p><b><span>PEQUENO EXPEDIENTE: </span></b><b><span></span></b></p>\r\n<p><b><span>\u00a0</span></b></p>\r\n<p><b>Solicita\u00e7\u00e3o:</b></p>\r\n<p>O vereador Marcos Baldo solicitou licen\u00e7a do cargo de presidente da mesa diretora, pelo per\u00edodo de at\u00e9 seis (06) meses, a contar de 01 de julho a 31 de dezembro de 2019. (Aprovada por unanimidade de votos dos presentes)</p>\r\n<p><b><span>\u00a0</span></b></p>\r\n<p><b>Solicita\u00e7\u00e3o:</b></p>\r\n<p>O vereador M\u00e1rcio Maximino Bortoloto solicitou licen\u00e7a do cargo de vereador pelo per\u00edodo de 31 dias, a contar de 01 a 31 de julho de 2019. (Aprovada por unanimidade de votos dos presentes)</p>\r\n<p>\u00a0</p>\r\n<p><b><span>Indica\u00e7\u00e3o n\u00ba 65/2019</span></b>: O vereador Vlademir Oro solicita ao Executivo Municipal, melhorias necess\u00e1rias na estrada geral e acessos \u00e0s propriedades dos Srs. Natal Ferraboli e Darci Mees em L\u00aa S\u00e3o Valentin. (Aprovada por unanimidade de votos dos presentes)</p>\r\n<p>\u00a0</p>\r\n<p><b><span>Indica\u00e7\u00e3o n\u00ba 66/2019</span></b>: O vereador Juliano Junior Kasper solicita ao Executivo Municipal, patrolamento, cascalhamento e compacta\u00e7\u00e3o nas estradas vicinais gerais de L\u00aa Ga\u00facha, L\u00aa Leste e L\u00aa P\u00e2ntano e acessos \u00e0s fam\u00edlias dos Srs. Claudemiro Thescom e Milton Comiotto, iniciando no cemit\u00e9rio municipal at\u00e9 a comunidade de S\u00e3o Valentin. (Aprovada por unanimidade de votos dos presentes)</p>\r\n<p>\u00a0</p>\r\n<p><b><span>Requerimento de Informa\u00e7\u00e3o n\u00ba 15/2019:</span></b> O vereador Juliano Junior Kasper solicita ao Executivo Municipal, a fim de que informe a esta Casa Legislativa o seguinte:</p>\r\n<p>a)\u00a0\u00a0\u00a0\u00a0\u00a0 Qual o motivo da paralisa\u00e7\u00e3o da reforma e amplia\u00e7\u00e3o da Creche do Distrito de Itajub\u00e1? Tem previs\u00e3o de retorno/rein\u00edcio das obras? Esta sendo tomada alguma provid\u00eancia em rela\u00e7\u00e3o \u00e0 referida obra? Qual a empresa que est\u00e1/estava prestando servi\u00e7o?</p>\r\n<p>(Aprovado por unanimidade de votos dos presentes)</p>\r\n<p>\u00a0</p>\r\n<p><b><span>Mo\u00e7\u00e3o n\u00ba 24/2019:</span></b> O vereador M\u00e1rcio Maximino Bortoloto repudia-se ao Governador do Estado de Santa Catarina, Sr. Carlos Mois\u00e9s pelo fechamento da Ger\u00eancia Regional da Secretaria da Fazenda de S\u00e3o Miguel do Oeste/SC. (Aprovada por unanimidade de votos dos presentes)</p>\r\n<p>\u00a0</p>\r\n<p><b><span>ORDEM DO DIA:</span></b>\u00a0N\u00e3o houve mat\u00e9ria na Ordem do Dia.</p>", "author_name": "", "version": "1.0", "author_url": "https://www.descanso.sc.leg.br/author/deo", "provider_name": "C\u00e2mara Municipal de Vereadores", "type": "rich"}