{"provider_url": "https://www.descanso.sc.leg.br", "title": "24\u00aa SESS\u00c3O ORDIN\u00c1RIA DE 2018", "html": "<p align=\"center\"><b>C\u00c2MARA MUNICIPAL DE DESCANSO</b></p>\r\n<p align=\"center\"><b>\u00a0</b></p>\r\n<p align=\"center\"><b>24\u00aa SESS\u00c3O ORDIN\u00c1RIA</b></p>\r\n<p align=\"center\"><b>\u00a0</b></p>\r\n<p align=\"center\"><b>19/06/2018 TER\u00c7A-FEIRA</b></p>\r\n<p align=\"center\"><b>\u00a0</b></p>\r\n<p align=\"center\"><b>PEQUENO EXPEDIENTE</b></p>\r\n<p align=\"center\"><b>\u00a0</b></p>\r\n<p align=\"center\"><b>Autoria: Poder Executivo</b></p>\r\n<p align=\"center\"><b>Of\u00edcio n\u00ba 280/2018: </b>Por meio do of\u00edcio n\u00ba 280/2018, o Prefeito Municipal encaminhou para delibera\u00e7\u00e3o desta Casa os seguintes Projetos de Leis: Projeto de Lei n\u00ba 49/2018, Projeto de Lei n\u00ba 50/2018 e Projeto de Lei n\u00ba 51/2018.<b></b></p>\r\n<p align=\"center\"><b>\u00a0</b></p>\r\n<p align=\"center\"><b><i><span>Projeto de Lei n\u00ba 49/2018</span></i></b></p>\r\n<p align=\"center\"><b>\u201cAUTORIZA ABERTURA DE CR\u00c9DITO ADICIONAL ESPECIAL NO VALOR DE R$ 46.643,48 E D\u00c1 OUTRAS PROVID\u00caNCIAS\u201d.</b></p>\r\n<p align=\"center\">\u00a0</p>\r\n<p align=\"center\"><b><i><span>Projeto de Lei n\u00ba 50/2018</span></i></b></p>\r\n<p align=\"center\"><b>\u201cAUTORIZA ABERTURA DE CR\u00c9DITO SUPLEMENTAR NO VALOR DE R$ 15.000,00 E D\u00c1 OUTRAS PROVID\u00caNCIAS\u201d.</b></p>\r\n<p><b><i><span>\u00a0</span></i></b></p>\r\n<p align=\"center\"><b><i><span>Projeto de Lei n\u00ba 51/2018</span></i></b></p>\r\n<p align=\"center\"><b>\u201cAUTORIZA ABERTURA DE CR\u00c9DITO ADICIONAL SUPLEMENTAR NO VALOR DE R$150.000,00 E D\u00c1 OUTRAS PROVID\u00caNCIAS\u201d.</b></p>\r\n<p><b>\u00a0</b></p>\r\n<p align=\"center\"><b>Os Projetos de Lei n\u00ba 49/2018 e 50/2018 foram encaminhados as Comiss\u00f5es T\u00e9cnicas e Permanentes da Casa. Com a concord\u00e2ncia de todos os vereadores o Projeto de Lei n\u00ba 51/2018 foi submetido na Ordem do Dia.</b></p>\r\n<p align=\"center\"><b>\u00a0</b></p>\r\n<p align=\"center\"><b>Autoria: Marcos Baldo</b></p>\r\n<p><b>Indica\u00e7\u00e3o n\u00ba 88/2018: </b>Solicitando<b> </b>a recupera\u00e7\u00e3o da estrada de acesso \u00e0s propriedades de L\u00aa Ga\u00facha.</p>\r\n<p><b>\u00a0</b></p>\r\n<p align=\"center\"><b>Autoria: Edenilson Slaviero </b></p>\r\n<p align=\"center\"><b>Mo\u00e7\u00e3o n\u00ba 25/2018: </b>Parabenizando o CTG Candeeiro do Oeste, em nome de todos os envolvidos, patronagem, coordenadoria regional, comiss\u00e3o avaliadora, pela excelente programa\u00e7\u00e3o do 1\u00ba FESTIVAL FRONTEIRA OESTE DE DAN\u00c7AS GA\u00daCHAS DA 13\u00aa RT, ocorrido no dia 17 de Junho de 2018, com dan\u00e7as tradicionais nas modalidades Mirim, Juvenil, Adulta e Veterana, e na categoria individual com Declama\u00e7\u00e3o, Gaita e Solista vocal. Tratando-se de um evento regional e que muito bem representa a cultura ga\u00facha de nosso munic\u00edpio, desejo que, o mesmo, venha a fazer parte do calend\u00e1rio de eventos do CTG Candeeiro do Oeste, e que conta com a colabora\u00e7\u00e3o, participa\u00e7\u00e3o e apre\u00e7o desta C\u00e2mara de Vereadores, da Administra\u00e7\u00e3o Municipal e principalmente dos descansenses.<b></b></p>\r\n<p><b>\u00a0</b></p>\r\n<p align=\"center\"><b>ORDEM DO DIA </b></p>\r\n<p align=\"center\"><b>\u00a0</b></p>\r\n<p align=\"center\"><b>Primeira Discuss\u00e3o e Vota\u00e7\u00e3o</b></p>\r\n<p align=\"center\"><b>Projeto de Lei n\u00ba 43/2018</b></p>\r\n<p align=\"center\"><b>Projeto de Lei n\u00ba 44/2018</b></p>\r\n<p align=\"center\"><b>Projeto de Lei n\u00ba 45/2018</b></p>\r\n<p align=\"center\"><b>Projeto de Lei n\u00ba 47/2018</b></p>\r\n<p align=\"center\"><b>Projeto de Lei n\u00ba 51/2018</b></p>", "author_name": "", "version": "1.0", "author_url": "https://www.descanso.sc.leg.br/author/deo", "provider_name": "C\u00e2mara Municipal de Vereadores", "type": "rich"}