{"provider_url": "https://www.descanso.sc.leg.br", "title": "23\u00aa SESS\u00c3O ORDIN\u00c1RIA DE 2019", "html": "<p><b>23\u00aa Sess\u00e3o Ordin\u00e1ria de 2019 do Terceiro Per\u00edodo Legislativo \u2013 13 de junho de 2019.</b></p>\r\n<p><b><span>\u00a0</span></b></p>\r\n<p><b><span>PEQUENO EXPEDIENTE: </span></b></p>\r\n<p>\u00a0</p>\r\n<p><b><span>Indica\u00e7\u00e3o n\u00ba 60/2019</span></b>: O vereador Marcos Baldo solicita ao Executivo Municipal, para que viabilize a constru\u00e7\u00e3o de uma lombada f\u00edsica, a fim de funcionar como redutor de velocidade, pr\u00f3xima \u00e0 igreja situada na Rua Padre R\u00e9us, Bairro Ouro Verde.(Aprovada por unanimidade de votos)</p>\r\n<p>\u00a0</p>\r\n<p><b><span>Indica\u00e7\u00e3o n\u00ba 61/2019</span></b>: Os vereadores Genesi Peloso Stefanello e M\u00e1rcio Maximino Bortoloto solicitam ao Executivo Municipal, para que estude a viabilidade de repasse de recursos financeiro \u00e0 Funda\u00e7\u00e3o M\u00e9dico Assistencial dos Trabalhadores Rurais de Descanso cerca de R$ 30.000,00 (trinta mil reais).\u00a0<span>(Aprovada por unanimidade de votos)</span></p>\r\n<p>\u00a0</p>\r\n<p><b><span>Indica\u00e7\u00e3o n\u00ba 62/2019</span></b>: O vereador Vlademir Oro solicita ao Executivo Municipal, para que estude as possibilidades de aquisi\u00e7\u00e3o e coloca\u00e7\u00e3o de reservat\u00f3rio de combust\u00edvel nas depend\u00eancias do galp\u00e3o de m\u00e1quinas, bem como a aquisi\u00e7\u00e3o por meio de distribuidoras, que possam ofertar pre\u00e7os melhores, estudando, para tanto, a modalidade de licita\u00e7\u00e3o que melhor atenda a tal finalidade.\u00a0<span>(Aprovada por unanimidade de votos)</span></p>\r\n<p>\u00a0</p>\r\n<p><b><span>Requerimento de Informa\u00e7\u00e3o n\u00ba 12/2019:</span></b> O vereador Marcos Baldo solicita ao Executivo Municipal, a fim de que informe a esta Casa Legislativa o seguinte:</p>\r\n<p>a)\u00a0\u00a0\u00a0\u00a0\u00a0 Quais as medidas/procedimentos est\u00e3o sendo tomados a respeito da proposi\u00e7\u00e3o feita por este vereador requerente em 05 de fevereiro de 2019, atrav\u00e9s da Indica\u00e7\u00e3o n\u00ba 03/2019? Sugerindo a constru\u00e7\u00e3o de uma ponte sobre o Rio Parda entre a L\u00aa Alegre e a L\u00aa S\u00e3o Br\u00e1s. Destaca-se que a situa\u00e7\u00e3o do local j\u00e1 gerou grandes transtornos aos moradores, principalmente \u00e0queles que necessitam do transporte escolar sendo que nos dias de chuva n\u00e3o \u00e9 poss\u00edvel realizar este trajeto, al\u00e9m disso, prejudica o transporte de mercadorias e o escoamento da produ\u00e7\u00e3o.</p>\r\n<p>b)\u00a0\u00a0\u00a0\u00a0\u00a0 Se a Indica\u00e7\u00e3o n\u00ba 03/2019 j\u00e1 foi atendida, informe quais as medidas foram tomadas e quais servi\u00e7os foram realizados. Caso contr\u00e1rio, informe se j\u00e1 possui estimativa de realizar a benfeitoria solicitada, indicando o cronograma da respectiva secretaria para o in\u00edcio das referidas obras.\u00a0<span>(Aprovado por unanimidade de votos)</span></p>\r\n<p>\u00a0</p>\r\n<p><b><span>Requerimento de Informa\u00e7\u00e3o n\u00ba 13/2019:</span></b> O vereador Denilso Francisco Vicentin solicita ao Executivo Municipal, a fim de que informe a esta Casa Legislativa o seguinte:</p>\r\n<p>a)\u00a0\u00a0\u00a0\u00a0\u00a0 Quais os procedimentos est\u00e3o sendo tomados para que as melhorias necess\u00e1rias para a manuten\u00e7\u00e3o e conserva\u00e7\u00e3o da estrada vicinal de L\u00aa S\u00e3o Paulo, Distrito de Itajub\u00e1, j\u00e1 sugerido na Indica\u00e7\u00e3o n\u00ba 15/2019?\u00a0</p>\r\n<p>b)\u00a0\u00a0\u00a0\u00a0\u00a0 Se a Indica\u00e7\u00e3o n\u00ba 15/2019 j\u00e1 foi atendida, informe quais as medidas foram tomadas e quais servi\u00e7os foram realizados. Caso contr\u00e1rio, informe se j\u00e1 possui estimativa de realizar as melhorias solicitadas, indicando o cronograma da respectiva secretaria para o in\u00edcio das referidas obras.\u00a0<span>(Aprovado por unanimidade de votos)</span></p>\r\n<p>\u00a0</p>\r\n<p><b><span>ORDEM DO DIA:</span></b>\u00a0Projeto de Resolu\u00e7\u00e3o aprovada por unanimidade de votos.</p>\r\n<p>\u00a0</p>\r\n<p align=\"center\"><b><span>Discuss\u00e3o e Vota\u00e7\u00e3o \u00danica </span></b></p>\r\n<p align=\"center\"><b><span>\u00a0</span></b></p>\r\n<p><b><span>Projeto de Resolu\u00e7\u00e3o n\u00ba 03/2019, de autoria do Legislativo Municipal:</span></b></p>\r\n<p>\u201cCRIA A OUVIDORIA LEGISLATIVA MUNICIPAL NA C\u00c2MARA MUNICIPAL DE VEREADORES DE DESCANSO \u2013 SC E D\u00c1 OUTRAS PROVIDENCIAIS\u201d. <b><span></span></b></p>\r\n<p><img src=\"https://www.descanso.sc.leg.br/institucional/fotos/file313.jpeg/@@images/4618a635-b51c-4ffd-a715-fcbf46238630.jpeg\" alt=\"\" class=\"image-inline\" title=\"\" /></p>\r\n<p><img src=\"https://www.descanso.sc.leg.br/institucional/fotos/file47.jpeg/@@images/2e2bc586-a3c6-473b-9681-3eb83f05fde1.jpeg\" alt=\"\" class=\"image-inline\" title=\"\" /></p>", "author_name": "", "version": "1.0", "author_url": "https://www.descanso.sc.leg.br/author/deo", "provider_name": "C\u00e2mara Municipal de Vereadores", "type": "rich"}