{"provider_url": "https://www.descanso.sc.leg.br", "title": "22\u00aa SESS\u00c3O ORDIN\u00c1RIA DE 2019", "html": "<p><b>22\u00aa Sess\u00e3o Ordin\u00e1ria de 2019 do Terceiro Per\u00edodo Legislativo \u2013 11 de junho de 2019.</b></p>\r\n<p><b><span>\u00a0</span></b></p>\r\n<p><b><span>PEQUENO EXPEDIENTE: </span></b></p>\r\n<p>\u00a0</p>\r\n<p><b><span>Indica\u00e7\u00e3o n\u00ba 58/2019</span></b>: O vereador Vlademir Oro solicita ao Executivo Municipal patrolamento, cascalhamento e compacta\u00e7\u00e3o da estrada geral e acessos \u00e0s propriedades dos Srs. Valdir Furlanetto, Carlos Ferraboli, Vilson Lorencini, Paulo Weber e Euz\u00e9bio Weber em L\u00aa S\u00e3o Jos\u00e9. (Aprovada por unanimidade de votos)</p>\r\n<p>\u00a0</p>\r\n<p><b><span>Indica\u00e7\u00e3o n\u00ba 59/2019</span></b>: O vereador Marcos Baldo solicita ao Executivo Municipal recupera\u00e7\u00e3o da estrada vicinal de acesso \u00e0 propriedade do Sr. Raul Giombelli em L\u00aa Ga\u00facha. (Aprovada por unanimidade de votos)</p>\r\n<p>\u00a0</p>\r\n<p><b><span>Mo\u00e7\u00e3o n\u00ba 23/2019</span></b>: O vereador M\u00e1rcio Maximino Bortoloto apela ao Chefe do Poder Executivo Municipal atrav\u00e9s do Departamento Jur\u00eddico do Munic\u00edpio encampado pela Prefeita Municipal, gestione junto a Dire\u00e7\u00e3o Estadual da CASAN para que se promova um aditamento no Contrato de Presta\u00e7\u00e3o de Servi\u00e7o firmado entre o Munic\u00edpio e a CASAN, para que seja instalado junto \u00e0s liga\u00e7\u00f5es de \u00e1gua dos consumidores de nosso Munic\u00edpio, um aparelho denominado bloqueador de ar que passa pelo hidr\u00f4metro. (Aprovada por unanimidade de votos)</p>\r\n<p>\u00a0</p>\r\n<p><b><span>Projeto de Resolu\u00e7\u00e3o n\u00ba 03/2019, de autoria do Legislativo Municipal:</span></b></p>\r\n<p>\u201cCRIA A OUVIDORIA LEGISLATIVA MUNICIPAL NA C\u00c2MARA MUNICIPAL DE VEREADORES DE DESCANSO \u2013 SC E D\u00c1 OUTRAS PROVIDENCIAIS\u201d. (Encaminhada as Comiss\u00f5es T\u00e9cnicas e Permanentes da Casa)</p>\r\n<p>\u00a0</p>\r\n<p><b><span>ORDEM DO DIA:</span></b>\u00a0Projetos aprovados por unanimidade de votos.</p>\r\n<p>\u00a0</p>\r\n<p align=\"center\"><b><span>Segunda Discuss\u00e3o e Vota\u00e7\u00e3o</span></b></p>\r\n<p align=\"center\"><b><span>\u00a0</span></b></p>\r\n<p><b><span>Projeto de Lei n\u00ba 11/2019, de autoria do Executivo Municipal:</span></b></p>\r\n<p>\u201cAUTORIZA ABERTURA DE CR\u00c9DITO ADICIONAL SUPLEMENTAR NO VALOR DE AT\u00c9 R$ 30.000,00 E D\u00c1 OUTRAS PROVID\u00caNCIAS\u201d.</p>\r\n<p><b><span>\u00a0</span></b></p>\r\n<p><b><span>Projeto de Lei n\u00ba 12/2019, de autoria do Executivo Municipal:</span></b></p>\r\n<p>\u201cAUTORIZA ABERTURA DE CR\u00c9DITO ADICIONAL SUPLEMENTAR NO VALOR DE R$ 100.000,00 E D\u00c1 OUTRAS PROVID\u00caNCIAS\u201d.</p>\r\n<p align=\"center\"><b><span>\u00a0</span></b></p>\r\n<p><b><span>Projeto de Lei n\u00ba 14/2019, de autoria do Executivo Municipal</span></b>: \u201cDECLARA DE UTILIDADE P\u00daBLICA A ASSOCIA\u00c7\u00c3O BELA VISTA DE LINHA BELA VISTA DURIGON\".</p>\r\n<p><img src=\"https://www.descanso.sc.leg.br/institucional/fotos/file123.jpeg/@@images/82564ad7-7fee-442c-8535-65fe262dd13c.jpeg\" alt=\"\" class=\"image-inline\" title=\"\" /><img src=\"https://www.descanso.sc.leg.br/institucional/fotos/file29.jpeg/@@images/29917ade-8c69-462f-91dc-6854c5f47d02.jpeg\" alt=\"\" class=\"image-inline\" title=\"\" /></p>", "author_name": "", "version": "1.0", "author_url": "https://www.descanso.sc.leg.br/author/deo", "provider_name": "C\u00e2mara Municipal de Vereadores", "type": "rich"}