{"provider_url": "https://www.descanso.sc.leg.br", "title": "22\u00aa SESS\u00c3O ORDIN\u00c1RIA DE 2018", "html": "<p align=\"center\"><b>C\u00c2MARA MUNICIPAL DE DESCANSO</b></p>\r\n<p align=\"center\"><b>\u00a0</b></p>\r\n<p align=\"center\"><b>22\u00aa SESS\u00c3O ORDIN\u00c1RIA</b></p>\r\n<p align=\"center\"><b>\u00a0</b></p>\r\n<p align=\"center\"><b>12/06/2018 TER\u00c7A-FEIRA</b></p>\r\n<p align=\"center\"><b>\u00a0</b></p>\r\n<p align=\"center\"><b>PEQUENO EXPEDIENTE</b></p>\r\n<p align=\"center\"><b>\u00a0</b></p>\r\n<p align=\"center\"><b>Autoria: Poder Executivo</b></p>\r\n<p><b> Of\u00edcio n\u00ba 269/2018: </b>O Prefeito Municipal encaminhou para delibera\u00e7\u00e3o da Casa o seguinte Projeto de Lei n \u00ba 48/2018<b></b></p>\r\n<p align=\"center\"><b>\u00a0</b></p>\r\n<p align=\"center\"><b><i><span>Projeto de Lei n\u00ba 48/2018</span></i></b></p>\r\n<p align=\"center\">\u201cDISP\u00d5E SOBRE A CONCESS\u00c3O DE INCENTIVOS ECON\u00d4MICOS E EST\u00cdMULOS FISCAIS \u00c0S EMPRESAS ESTABELECIDAS OU QUE SE ESTABELE\u00c7AM NO MUNIC\u00cdPIO DE DESCANSO OU NELE AMPLIEM OU REATIVEM SUAS ATIVIDADES PRODUTORAS E D\u00c1 OUTRAS PROVID\u00caNCIAS\u201d.</p>\r\n<p>\u00a0\u00a0\u00a0\u00a0\u00a0\u00a0\u00a0\u00a0\u00a0\u00a0\u00a0\u00a0\u00a0\u00a0\u00a0\u00a0\u00a0\u00a0\u00a0\u00a0\u00a0\u00a0\u00a0\u00a0\u00a0\u00a0\u00a0\u00a0\u00a0\u00a0\u00a0\u00a0\u00a0\u00a0\u00a0\u00a0\u00a0\u00a0\u00a0\u00a0\u00a0\u00a0\u00a0\u00a0\u00a0\u00a0\u00a0\u00a0\u00a0\u00a0\u00a0\u00a0\u00a0\u00a0\u00a0\u00a0\u00a0\u00a0\u00a0\u00a0\u00a0\u00a0\u00a0\u00a0\u00a0</p>\r\n<p align=\"center\"><b><span>Projeto de Resolu\u00e7\u00e3o n\u00ba 01/2018</span></b></p>\r\n<p align=\"center\">\u201cDISP\u00d5E SOBRE A PRORROGA\u00c7\u00c3O DE PRAZO PARA VIG\u00caNCIA DO CONTE\u00daDO DA RESOLU\u00c7\u00c3O N\u00ba 01/2017 E N\u00ba 05/2017, NO \u00c2MBITO DA C\u00c2MARA MUNICIPAL DE VEREADORES DE DESCANSO, DO \u201cPARLAMENTO JOVEM DESCANSENSE\u201d, ESTABELECENDO NORMAS DE FUNCIONAMENTO E OUTRAS PROVID\u00caNCIAS\u201d.</p>\r\n<p align=\"center\"><b><span>\u00a0</span></b></p>\r\n<p align=\"center\"><b><span>Proposta de Emenda Modificativa 01/2018 ao Projeto de Lei n\u00ba 41/2018, de 08 de maio de 2018 \u2013 Poder Executivo </span></b></p>\r\n<p align=\"center\">\u201cMODIFICA O ARTIGO 1\u00ba DO PROJETO DE LEI N\u00ba 41/2018, QUE \u201cFIXA CARGA HOR\u00c1RIA DO CARGO DE ASSESSOR JUR\u00cdDICO E D\u00c1 OUTRAS PROVID\u00caNCIAS\u201d.</p>\r\n<p><b><span>\u00a0</span></b></p>\r\n<p align=\"center\"><b>Autoria: Luiz Felipe Brugnerotto (Vereador do </b><b>Parlamento Jovem Descansense \u2013 Grupo 2)</b></p>\r\n<p><b>Mo\u00e7\u00e3o de Aplausos n\u00ba 01/2018: </b>Ao Centro de Educa\u00e7\u00e3o Profissional Get\u00falio Vargas \u2013 CEDUP pelos 30 anos de funda\u00e7\u00e3o.</p>\r\n<p>\u00a0</p>\r\n<p align=\"center\"><b>Autoria: Juliano Junior Kasper</b></p>\r\n<p><b>Indica\u00e7\u00e3o n\u00ba 84/2018: </b>Solicitando patrolamento, cascalhamento e compacta\u00e7\u00e3o da estrada de acesso \u00e0s propriedades dos Srs. Paulo Weber e Carlos Jos\u00e9 Ferraboli, em L\u00aa S\u00e3o Jos\u00e9.</p>\r\n<p><b>Indica\u00e7\u00e3o n\u00ba 85/2018: </b>Solicitando<b> </b>patrolamento, cascalhamento e compacta\u00e7\u00e3o na estrada geral iniciando na Comunidade de L\u00aa Ga\u00facha at\u00e9 a entrada para o Munic\u00edpio de Belmonte.</p>\r\n<p><b>\u00a0</b></p>\r\n<p align=\"center\"><b>Autoria: M\u00e1rcio Maximino Bortoloto </b></p>\r\n<p><b>Mo\u00e7\u00e3o de Apelo n\u00ba 23/2018:</b> A todos os Deputados(as) Federais e Senadores(as), apelando que Vossas Excel\u00eancias atendam o clamor da popula\u00e7\u00e3o e trabalhadores do meio rural, e estendam o per\u00edodo da licen\u00e7a maternidade de 120 (cento e vinte) para 180 (cento e oitenta) dias tamb\u00e9m para as Seguradas Especiais (Trabalhadoras Rurais).</p>\r\n<p align=\"center\"><b>\u00a0</b></p>\r\n<p align=\"center\"><b>Autoria: Vlademir Oro</b></p>\r\n<p class=\"yiv1288220025msonormal\"><b>Mo\u00e7\u00e3o de Aplausos n\u00ba 24/2018: </b>Ao casal Olivo Durigon e Vilses Molin Durigon, pela celebra\u00e7\u00e3o de Bodas de Ametista, residentes em L\u00aa Vor\u00e1, no Munic\u00edpio de Descanso.</p>\r\n<p class=\"yiv1288220025msonormal\">\u00a0</p>\r\n<p align=\"center\"><b>ORDEM DO DIA</b></p>\r\n<p align=\"center\"><b>\u00a0</b></p>\r\n<p align=\"center\"><b>Projeto de Resolu\u00e7\u00e3o n\u00ba 01/2018</b></p>\r\n<p align=\"center\"><b>Emenda modificativa 01/2018 ao Projeto de Lei n\u00ba 41/2018</b></p>\r\n<p align=\"center\"><b>\u00a0</b></p>\r\n<p align=\"center\"><b><span>Segunda Discuss\u00e3o e Vota\u00e7\u00e3o</span></b></p>\r\n<p align=\"center\">Projeto de Lei n\u00ba 31/2018</p>\r\n<p align=\"center\">Projeto de Lei n\u00ba 38/2018</p>\r\n<p align=\"center\"><b>\u00a0</b></p>\r\n<p align=\"center\"><b><span>Primeira Discuss\u00e3o e Vota\u00e7\u00e3o </span></b></p>\r\n<p align=\"center\">Projeto de Lei n\u00ba 41/2018</p>", "author_name": "", "version": "1.0", "author_url": "https://www.descanso.sc.leg.br/author/deo", "provider_name": "C\u00e2mara Municipal de Vereadores", "type": "rich"}