{"provider_url": "https://www.descanso.sc.leg.br", "title": "21\u00aa SESS\u00c3O ORDIN\u00c1RIA DE 2019", "html": "<p><b>21\u00aa Sess\u00e3o Ordin\u00e1ria de 2019 do Terceiro Per\u00edodo Legislativo \u2013 04 de junho de 2019.</b></p>\r\n<p><b><br /></b></p>\r\n<p><b><span>PEQUENO EXPEDIENTE: </span></b></p>\r\n<p>\u00a0</p>\r\n<p>O Vereador M\u00e1rio Francisco Pissaia solicitou licen\u00e7a pelo per\u00edodo de 30 dias, e neste per\u00edodo assume a 5\u00aa suplente Sra. Genesi Peloso Stefanello.</p>\r\n<p>\u00a0</p>\r\n<p><b><span>Indica\u00e7\u00e3o n\u00ba 55/2019</span></b>: O vereador Denilso Francisco Vicentin solicita ao Executivo Municipal melhorias com patrolamento, cascalhamento, compacta\u00e7\u00e3o da estrada geral e eleva\u00e7\u00e3o da ponte sobre o Rio Macaco Branco na Rua Santo Ant\u00f4nio de acesso \u00e0s fam\u00edlias de Euclides e El\u00f3i Jaroseski, Lurdes Carollo, Jo\u00e3o Mezzomo, Aparicio Peligrini e demais fam\u00edlias. (Aprovada por unanimidade de votos)</p>\r\n<p>\u00a0</p>\r\n<p><b><span>Indica\u00e7\u00e3o n\u00ba 56/2019</span></b>: Os vereadores Marcos Baldo e Volmir Adelar Casagrande solicitam ao Executivo Municipal para que atrav\u00e9s do setor competente tome as medidas cab\u00edveis a respeito do agendamento das consultas m\u00e9dicas nas Unidades B\u00e1sica de Sa\u00fade. (Aprovada por unanimidade de votos)</p>\r\n<p>\u00a0</p>\r\n<p><b><span>Indica\u00e7\u00e3o n\u00ba 57/2019</span></b>: O vereador M\u00e1rcio Maximino Bortoloto solicita ao Executivo Municipal para que atrav\u00e9s do disponibilize um local reservado para amamenta\u00e7\u00e3o e troca de fraldas, no Posto da Sa\u00fade. (Aprovada por unanimidade de votos)</p>\r\n<p>\u00a0</p>\r\n<p><b><span>Mo\u00e7\u00e3o n\u00ba 22/2019</span></b>: O vereador Marcos Baldo parabeniza os usu\u00e1rios da oficina de Muay Thai do munic\u00edpio de descanso pela bel\u00edssima representatividade no Campeonato Catarinense de Muay Thai 2019, na cidade de Lages/SC.\u00a0</p>\r\n<p>(Aprovada por unanimidade de votos)</p>\r\n<p>\u00a0</p>\r\n<p><b><span>ORDEM DO DIA:</span></b>\u00a0Projetos aprovados por unanimidade de votos.</p>\r\n<p align=\"center\"><b><span>Primeira Discuss\u00e3o e Vota\u00e7\u00e3o</span></b></p>\r\n<p align=\"center\"><b><span>\u00a0</span></b></p>\r\n<p><b><span>Projeto de Lei n\u00ba 11/2019, de autoria do Executivo Municipal:</span></b></p>\r\n<p>\u201cAUTORIZA ABERTURA DE CR\u00c9DITO ADICIONAL SUPLEMENTAR NO VALOR DE AT\u00c9 R$ 30.000,00 E D\u00c1 OUTRAS PROVID\u00caNCIAS\u201d.</p>\r\n<p><b><span>Projeto de Lei n\u00ba 12/2019, de autoria do Executivo Municipal:</span></b></p>\r\n<p>\u201cAUTORIZA ABERTURA DE CR\u00c9DITO ADICIONAL SUPLEMENTAR NO VALOR DE R$ 100.000,00 E D\u00c1 OUTRAS PROVID\u00caNCIAS\u201d.<b>\u00a0</b></p>\r\n<p><b><span>Projeto de Lei n\u00ba 14/2019, de autoria do Executivo Municipal</span></b>: \u201cDECLARA DE UTILIDADE P\u00daBLICA A ASSOCIA\u00c7\u00c3O BELA VISTA DE LINHA BELA VISTA DURIGON\".</p>\r\n<p>\u00a0</p>\r\n<p><img src=\"https://www.descanso.sc.leg.br/institucional/fotos/file27.jpeg/@@images/00e7b675-9b97-4edd-aa41-63356111e872.jpeg\" alt=\"\" class=\"image-inline\" title=\"\" /><img src=\"https://www.descanso.sc.leg.br/institucional/fotos/file311.jpeg/@@images/981a1a2d-84fc-4b50-b3e5-0cfe5710c2eb.jpeg\" alt=\"\" class=\"image-inline\" title=\"\" /><img src=\"https://www.descanso.sc.leg.br/institucional/fotos/file214.jpeg/@@images/1f588ee6-140c-49a8-b2ed-aae46db898e3.jpeg\" alt=\"\" class=\"image-inline\" title=\"\" /></p>", "author_name": "", "version": "1.0", "author_url": "https://www.descanso.sc.leg.br/author/deo", "provider_name": "C\u00e2mara Municipal de Vereadores", "type": "rich"}