{"provider_url": "https://www.descanso.sc.leg.br", "title": "21\u00aa SESS\u00c3O ORDIN\u00c1RIA DE 2018", "html": "<p align=\"center\"><b>C\u00c2MARA MUNICIPAL DE DESCANSO</b></p>\r\n<p align=\"center\"><b>\u00a0</b></p>\r\n<p align=\"center\"><b>21\u00aa SESS\u00c3O ORDIN\u00c1RIA</b></p>\r\n<p align=\"center\"><b>\u00a0</b></p>\r\n<p align=\"center\"><b>05/06/2018 TER\u00c7A-FEIRA</b></p>\r\n<p align=\"center\"><b>\u00a0</b></p>\r\n<p align=\"center\"><b>PEQUENO EXPEDIENTE</b></p>\r\n<p align=\"center\"><b>\u00a0</b></p>\r\n<p align=\"center\"><b>Autoria: Poder Executivo</b></p>\r\n<p align=\"center\"><b>Of\u00edcio n\u00ba 234/2018: </b>O Prefeito Municipal encaminhou para delibera\u00e7\u00e3o da Casa os seguintes Projetos de Lei: Projeto de Lei n\u00ba 43/2018, Projeto de Lei n\u00ba 44/2018 e Projeto de Lei n\u00ba 45/2018.</p>\r\n<p align=\"center\"><b>\u00a0</b></p>\r\n<p align=\"center\"><b><i><span>Projeto de Lei n\u00ba 43/2018</span></i></b></p>\r\n<p align=\"center\">\u201cAUTORIZA ABERTURA DE CR\u00c9DITO ADICIONAL SUPLEMENTAR NO VALOR DE R$ 227.000,00 E D\u00c1 OUTRAS PROVID\u00caNCIAS\u201d.</p>\r\n<p align=\"center\">\u00a0</p>\r\n<p align=\"center\"><b><i><span>Projeto de Lei n\u00ba 44/2018</span></i></b></p>\r\n<p align=\"center\">\u201cAUTORIZA ABERTURA DE CR\u00c9DITO ADICIONAL SUPLEMENTAR NO VALOR DE R$ 105.000,00 E D\u00c1 OUTRAS PROVID\u00caNCIAS\u201d.</p>\r\n<p align=\"center\">\u00a0</p>\r\n<p align=\"center\"><b><i><span>Projeto de Lei n\u00ba 45/2018</span></i></b></p>\r\n<p align=\"center\">\u201cDISP\u00d5E SOBRE A CRIA\u00c7\u00c3O DO FUNDO MUNICIPAL DE EDUCA\u00c7\u00c3O DE DESCANSO E D\u00c1 OUTRAS PROVID\u00caNCIAS\u201d.</p>\r\n<p align=\"center\">\u00a0</p>\r\n<p align=\"center\"><b>Os Projetos de Lei n\u00ba 43/2018, 44/2018 e 45/2018 foram encaminhados \u00e0s Comiss\u00f5es T\u00e9cnicas e Permanentes da Casa.</b></p>\r\n<p>\u00a0</p>\r\n<p align=\"center\"><b>Autoria: Poder Executivo</b></p>\r\n<p align=\"center\"><b>Of\u00edcio n\u00ba 255/2018: </b>O Prefeito Municipal encaminhou para delibera\u00e7\u00e3o da Casa os seguintes Projetos de Lei: Projeto de Lei n\u00ba 46/2018 e Projeto de Lei n\u00ba 47/2018.<span>\u00a0</span></p>\r\n<p align=\"center\">\u00a0</p>\r\n<p align=\"center\"><b><i><span>Projeto de Lei n\u00ba 46/2018</span></i></b></p>\r\n<p align=\"center\">\u201cALTERA Art. 14\u00ba, DA LEI N\u00ba 043/1982, QUE DISCIPLINA O PARCELAMENTO DO SOLO URBANO DO MUNIC\u00cdPIO DE DESCANSO, ESTADO DE SANTA CATARINA, E D\u00c1 OUTRAS PROVID\u00caNCIAS\u201d.</p>\r\n<p align=\"center\">\u00a0\u00a0</p>\r\n<p align=\"center\"><b><i><span>Projeto de Lei n\u00ba 47/2018</span></i></b></p>\r\n<p align=\"center\">\u201cALTERA O ARTIGO 9\u00ba E ANEXO VIII DA LEI N\u00ba 588/2005, DE 16 DE JUNHO DE 2005, QUE DISP\u00d5E SOBRE O QUADRO DE PESSOAL DA C\u00c2MARA MUNICIPAL DE VEREADORES DE DESCANSO, E D\u00c1 OUTRAS PROVID\u00caNCIAS\u201d.</p>\r\n<p align=\"center\">\u00a0</p>\r\n<p align=\"center\"><b>Os</b><b> Projetos de Lei n\u00ba 46/2018 e 47/2018 foram encaminhados \u00e0s Comiss\u00f5es T\u00e9cnicas e Permanentes da Casa.</b><b></b></p>\r\n<p align=\"center\"><b>\u00a0</b></p>\r\n<p align=\"center\"><b>Autoria: </b><b>Cl\u00e1udio Karlinski</b><b> (</b><b>Secret\u00e1rio de Esportes de Descanso</b><b>)</b></p>\r\n<p align=\"center\">Convidando a todos os vereadores a participar da abertura do 26\u00ba Jogos Abertos de Descanso (JADES), que acontecer\u00e1 no dia 09/06/2018 no gin\u00e1sio da Cooper A1, a partir das 19h00min.</p>\r\n<p align=\"center\">\u00a0</p>\r\n<p align=\"center\"><b>Parlamento Jovem Descansense</b></p>\r\n<p align=\"center\"><b>Grupo 1</b></p>\r\n<p align=\"center\"><b>Autoria: Rayane Rafaela Padilha</b></p>\r\n<p><b>Indica\u00e7\u00e3o n\u00ba 06/2018: </b>Solicitando a aquisi\u00e7\u00e3o de duas rede para trave de futsal, localizada na parte externa da Escola de Educa\u00e7\u00e3o B\u00e1sica Everardo Backheuser.</p>\r\n<p><b>\u00a0</b></p>\r\n<p align=\"center\"><b>Autoria: Tainara Signor</b></p>\r\n<p align=\"center\"><b>Indica\u00e7\u00e3o n\u00ba 07/2018: </b>Solicitando a aquisi\u00e7\u00e3o de tintas, para a pintura e revitaliza\u00e7\u00e3o das salas de aula da Escola B\u00e1sica Municipal Cachoeirinha.<b></b></p>\r\n<p align=\"center\"><b>\u00a0</b></p>\r\n<p align=\"center\"><b>Grupo 2</b></p>\r\n<p align=\"center\"><b>Autoria: Luiz Felipe Brugnerotto</b></p>\r\n<p align=\"center\"><b>Indica\u00e7\u00e3o n\u00ba 03/2018: </b>Solicitando a pavimenta\u00e7\u00e3o asf\u00e1ltica na Rua Santo Ant\u00f4nio e na Rua Santo Stanislau, Descanso/SC.<b></b></p>\r\n<p align=\"center\"><b>\u00a0</b></p>\r\n<p align=\"center\"><b>Autoria: Patricia Segheto</b></p>\r\n<p align=\"center\"><b>Indica\u00e7\u00e3o n\u00ba 04/2018: </b>Solicitando \u00e0 disponibiliza\u00e7\u00e3o horas m\u00e1quinas para a o Centro de Educa\u00e7\u00e3o Profissional Get\u00falio Vargas/CEDUP-GV.<b></b></p>\r\n<p align=\"center\"><b>\u00a0</b></p>\r\n<p align=\"center\"><b>Autoria: Marcos Baldo</b><b></b></p>\r\n<p align=\"center\"><b>Indica\u00e7\u00e3o n\u00ba 81/2018: </b>Solicitando<b> </b>a recupera\u00e7\u00e3o de meio-fio.<b></b></p>\r\n<p><b>\u00a0</b></p>\r\n<p align=\"center\"><b>Autoria: Juliano Junior Kasper</b></p>\r\n<p align=\"center\"><b>Indica\u00e7\u00e3o n\u00ba 82/2018: </b>Solicitando cascalhamento na estrada geral de L\u00aa Pratinha at\u00e9 a ponte do Rio das Antas, passando por L\u00aa Bonita e Barra do Herval e acesso a propriedade de Adelar Werner.<b></b></p>\r\n<p><b>Mo\u00e7\u00e3o n\u00ba 23/2018: </b>MO\u00c7\u00c3O ao Congresso Nacional, para requerer maior apoio aos caminhoneiros e agricultores, por parte do Senado Federal e C\u00e2mara dos Deputados.</p>\r\n<p>\u00a0</p>\r\n<p align=\"center\"><b>Autoria: Vlademir Oro</b></p>\r\n<p align=\"center\"><b>Indica\u00e7\u00e3o n\u00ba 83/2018: </b>Solicitando cascalhamento da estrada geral de L\u00aa Barra do Veado passando por Santa L\u00facia, Frigorifico de Peixes Rio Vivo at\u00e9 a resid\u00eancia do Sr. Ant\u00f4nio Micheilof, t\u00e3o somente nos trechos que necessitem as melhorias.</p>\r\n<p align=\"center\"><b>\u00a0</b></p>\r\n<p align=\"center\"><b>ORDEM DO DIA</b></p>\r\n<p align=\"center\"><b>\u00a0</b></p>\r\n<p align=\"center\"><b>Segunda Discuss\u00e3o e Vota\u00e7\u00e3o</b></p>\r\n<p align=\"center\"><b>Projeto de Lei n\u00ba 42/2018</b></p>\r\n<p align=\"center\"><b>\u00a0</b></p>\r\n<p align=\"center\"><b>Primeira Discuss\u00e3o e Vota\u00e7\u00e3o</b></p>\r\n<p align=\"center\"><b>Projeto de Lei n\u00ba 31/2018</b></p>\r\n<p align=\"center\"><b>Projeto de Lei n\u00ba 38/2018 </b></p>", "author_name": "", "version": "1.0", "author_url": "https://www.descanso.sc.leg.br/author/deo", "provider_name": "C\u00e2mara Municipal de Vereadores", "type": "rich"}