{"provider_url": "https://www.descanso.sc.leg.br", "title": "20\u00aa SESS\u00c3O ORDIN\u00c1RIA DE 2019", "html": "<p><b>20\u00aa Sess\u00e3o Ordin\u00e1ria de 2019 do Terceiro Per\u00edodo Legislativo \u2013 27 de maio de 2019.</b></p>\r\n<p><b><span>\u00a0</span></b></p>\r\n<p><b><span>PEQUENO EXPEDIENTE: </span></b></p>\r\n<p><b><span>\u00a0</span></b></p>\r\n<p><b>Solicita\u00e7\u00e3o:</b></p>\r\n<p>O vereador M\u00e1rio Francisco Pissaia solicitou licen\u00e7a do cargo de vereador pelo per\u00edodo de 30 dias, a contar de 01 de junho de 2019. (Aprovada por unanimidade de votos)</p>\r\n<p><b><span>\u00a0</span></b></p>\r\n<p><b><span>Indica\u00e7\u00e3o n\u00ba 52/2019</span></b>: O vereador Marcos Baldo solicita ao Executivo Municipal cascalhamento no p\u00e1tio da empresa Gr\u00e3os Grassioli, localizada as margens da BR-163.<span>\u00a0(Aprovada por unanimidade de votos)</span></p>\r\n<p>\u00a0</p>\r\n<p><b><span>Indica\u00e7\u00e3o n\u00ba 53/2019</span></b>: O vereador Vlademir Oro solicita ao Executivo Municipal melhorias na estrada geral que liga a Igreja de L\u00aa Cruzinhas at\u00e9 o dep\u00f3sito Maule G\u00e1s, do mesmo modo, pede-se que administra\u00e7\u00e3o estude as possibilidades de que seja suprimido o morro que se encontra neste trajeto supracitado. (Aprovada por unanimidade de votos)</p>\r\n<p>\u00a0</p>\r\n<p><b><span>Indica\u00e7\u00e3o n\u00ba 54/2019</span></b>: O vereador Volmir Adelar Casagrande solicita ao Executivo Municipal cascalhamento e patrolamento da estrada geral e acessos a todas as propriedades de L\u00aa Luchessi, Vila S\u00e3o Valentin. (Aprovada por unanimidade de votos)</p>\r\n<p>\u00a0</p>\r\n<p><b><span>Mo\u00e7\u00e3o n\u00ba 20/2019</span></b>: o vereador M\u00e1rcio Maximino Bortoloto apela ao Excelent\u00edssimo Governador do Estado de Santa Catarina, ao Secret\u00e1rio de Estado da Casa Civil, ao Secret\u00e1rio de Estado de Infraestrutura, ao Presidente da Assembleia Legislativa do Estado de Santa Catarina e aos demais Deputados Estaduais. Manifestando o apoio \u00e0 aprova\u00e7\u00e3o do Projeto de Lei n\u00b0 0113.9/2019, de autoria do Deputado Altair Silva, que \u2018Institui o Fundo de Manuten\u00e7\u00e3o e Conserva\u00e7\u00e3o das Rodovias Estaduais.</p>\r\n<p>\u00a0</p>\r\n<p><b><span>Mo\u00e7\u00e3o n\u00ba 21/2019</span></b>: o vereador Marcos Baldo parabeniza os participantes da etapa estadual da 12\u00aa edi\u00e7\u00e3o dos Jogos Abertos da Terceira Idade (Jasti), realizado no dia 20 a 24 de maio, na cidade de Gaspar/SC.</p>\r\n<p>\u00a0</p>\r\n<p><b><span>ORDEM DO DIA:</span></b>\u00a0Projetos aprovados por unanimidade de votos.</p>\r\n<p>\u00a0</p>\r\n<p align=\"center\"><b><span>Segunda Discuss\u00e3o e Vota\u00e7\u00e3o</span></b></p>\r\n<p align=\"center\"><b><span>\u00a0</span></b></p>\r\n<p><b><span>Projeto de Lei n\u00ba 10/2019, de autoria do Executivo Municipal:</span></b></p>\r\n<p>\u201cALTERA O INCISO \u201cVIII \u2013 ADICIONAL DE PLANT\u00c3O\u201d, DO ARTIGO 144, DA LEI N\u00ba 086/91, QUE DISP\u00d5E SOBRE O ESTATUTO DO SERVIDOR P\u00daBLICO DO MUNIC\u00cdPIO DE DESCANSO E DA OUTRAS PROVID\u00caNCIAS\u201d.</p>\r\n<p align=\"center\"><b><span>\u00a0</span></b></p>\r\n<p><b><span>Projeto de Lei n\u00ba 13/2019, de autoria do Executivo Municipal</span></b>: \u201cAUTORIZA CONTRIBUI\u00c7\u00c3O FINANCEIRA NO VALOR DE AT\u00c9 R$ 24.000,00 PARA O CLUBE ESPORTIVO E RECREATIVO OURO VERDE, ABERTURA DE CR\u00c9DITO ADICIONAL ESPECIAL E D\u00c1 OUTRAS PROVID\u00caNCIAS.\u201d</p>\r\n<p><img src=\"https://www.descanso.sc.leg.br/institucional/fotos/file213.jpeg/@@images/1ba6f352-9240-431d-975e-d215c30c5a70.jpeg\" alt=\"\" class=\"image-inline\" title=\"\" /><img src=\"https://www.descanso.sc.leg.br/institucional/fotos/file119.jpeg/@@images/2578c26d-79d8-4783-9578-c7d87b2f4867.jpeg\" alt=\"\" class=\"image-inline\" title=\"\" /><img src=\"https://www.descanso.sc.leg.br/institucional/fotos/copy_of_file25.jpeg/@@images/d1299b9a-a461-45eb-a640-5b3865cbdaea.jpeg\" alt=\"\" class=\"image-inline\" title=\"\" /></p>", "author_name": "", "version": "1.0", "author_url": "https://www.descanso.sc.leg.br/author/deo", "provider_name": "C\u00e2mara Municipal de Vereadores", "type": "rich"}