{"provider_url": "https://www.descanso.sc.leg.br", "title": "2\u00aa SESS\u00c3O ORDIN\u00c1RIA DE 2018", "html": "<p align=\"center\"><b>C\u00c2MARA MUNICIPAL DE DESCANSO</b></p>\r\n<p align=\"center\"><b>\u00a0</b></p>\r\n<p align=\"center\"><b>2\u00aa SESS\u00c3O ORDIN\u00c1RIA</b></p>\r\n<p align=\"center\"><b>\u00a0</b></p>\r\n<p align=\"center\"><b>06/02/2018 TER\u00c7A-FEIRA</b></p>\r\n<p align=\"center\"><b>\u00a0</b></p>\r\n<p align=\"center\"><b>\u00a0</b></p>\r\n<p align=\"center\"><b>PEQUENO EXPEDIENTE</b></p>\r\n<p align=\"center\"><b>\u00a0</b></p>\r\n<p align=\"center\"><b>Projeto de Lei n\u00ba 10/2018: Autoria do Poder Legislativo</b></p>\r\n<p align=\"center\">\"Acrescenta inciso II ao artigo 10 da Lei Municipal n\u00b0 588/2005, que estatuiu o quadro de pessoal da C\u00e2mara Municipal de Vereadores de Descanso e d\u00e1 outras provid\u00eancias.\"</p>\r\n<p align=\"center\">\u00a0</p>\r\n<p align=\"center\"><b>Autoria: Vlademir Oro</b></p>\r\n<p align=\"center\"><b>Indica\u00e7\u00e3o n\u00ba 02/2018: </b>Solicitando melhorias necess\u00e1rias na estrada de L\u00aa Barra do Veado at\u00e9 sa\u00edda para L\u00aa Sanga Curta.</p>\r\n<p align=\"center\"><b>Indica\u00e7\u00e3o n\u00ba 05/2018:</b> Solicitando melhorias na estrada geral de L\u00aa Ga\u00facha.</p>\r\n<p align=\"center\">\u00a0</p>\r\n<p align=\"center\"><b>Autoria: Juliano Junior Kasper</b><b></b></p>\r\n<p align=\"center\"><b>Indica\u00e7\u00e3o n\u00ba 03/2018: </b>Solicitando melhorias na estrada geral, interior de L\u00aa Campinas.</p>\r\n<p align=\"center\"><b>Indica\u00e7\u00e3o n\u00ba 04/2018: </b>Solicitando a instala\u00e7\u00e3o de prote\u00e7\u00f5es laterais junto a BR 163, sa\u00edda para linha L\u00aa Campinas.</p>\r\n<p align=\"center\"><b>\u00a0</b></p>\r\n<p align=\"center\"><b>Autoria: Ilda Maria Agustini Trevisan</b></p>\r\n<p align=\"center\"><b>Indica\u00e7\u00e3o n\u00ba 06/2018: </b>Solicitando melhorias na estrada geral em L\u00aa Santa Catarina.</p>\r\n<p align=\"center\">\u00a0</p>\r\n<p align=\"center\"><b>Autoria: Denilso Vicentin</b></p>\r\n<p align=\"center\"><b>Indica\u00e7\u00e3o n\u00ba 07/2018: </b>Solicitando melhorias na estrada geral em L\u00aa S\u00e3o Paulo, no Distrito de Itajub\u00e1.</p>\r\n<p align=\"center\"><b>Mo\u00e7\u00e3o de Aplauso n\u00ba 02/2018:</b> Parabenizando a Senhora Zelide Dezaneti Agustini pelos seus 89 anos de vida.</p>\r\n<p align=\"center\"><b>\u00a0</b></p>\r\n<p align=\"center\"><b>Autoria: Marcos Baldo</b></p>\r\n<p align=\"center\"><b>Indica\u00e7\u00e3o n\u00ba 08/2018: </b>Solicitando melhorias na estrada geral e acessos, come\u00e7ando em S\u00e3o Valentin at\u00e9 L\u00aa P\u00e2ntano.<b></b></p>\r\n<p align=\"center\"><b>Indica\u00e7\u00e3o n\u00ba 09/2018: </b>Solicitando melhorias na estrada geral e o acesso de uma propriedade em L\u00aa Ga\u00facha.</p>\r\n<p align=\"center\">\u00a0</p>\r\n<p align=\"center\"><b>ORDEM DO DIA</b></p>\r\n<p align=\"center\">\u00a0</p>\r\n<p align=\"center\">Segunda Discuss\u00e3o e Vota\u00e7\u00e3o</p>\r\n<p align=\"center\">Projeto de Lei n\u00ba 09/2018</p>\r\n<p align=\"center\">\u00a0</p>\r\n<p align=\"center\">Primeira Discuss\u00e3o e Vota\u00e7\u00e3o</p>\r\n<p align=\"center\">Projeto de Lei n\u00ba 10/2018</p>", "author_name": "", "version": "1.0", "author_url": "https://www.descanso.sc.leg.br/author/deo", "provider_name": "C\u00e2mara Municipal de Vereadores", "type": "rich"}