{"provider_url": "https://www.descanso.sc.leg.br", "title": "19\u00aa SESS\u00c3O ORDIN\u00c1RIA DE 2019", "html": "<p><b>19\u00aa Sess\u00e3o Ordin\u00e1ria de 2019 do Terceiro Per\u00edodo Legislativo \u2013 21 de maio de 2019.</b></p>\r\n<p><b><span>\u00a0</span></b></p>\r\n<p><b><span>PEQUENO EXPEDIENTE: </span></b></p>\r\n<p>\u00a0</p>\r\n<p><b><span>Of\u00edcio n\u00ba 202/2019:</span></b> Por meio do Of\u00edcio n\u00ba 202/2019 de autoria do Poder Executivo encaminha o <b>Projeto de Lei n\u00ba 13/2019, </b>que<b> </b>\u201cAUTORIZA CONTRIBUI\u00c7\u00c3O FINANCEIRA NO VALOR DE AT\u00c9 R$ 24.000,00 PARA O CLUBE ESPORTIVO E RECREATIVO OURO VERDE, ABERTURA DE CR\u00c9DITO ADICIONAL ESPECIAL E D\u00c1 OUTRAS PROVID\u00caNCIAS.\u201d (submetido \u00e0 Ordem do Dia).<b></b></p>\r\n<p>\u00a0</p>\r\n<p><b><span>Of\u00edcio n\u00ba 205/2019:</span></b> Por meio do Of\u00edcio n\u00ba 205/2019 de autoria do Poder Executivo convida os vereadores para participar da Audi\u00eancia P\u00fablica a ser realizada no dia 30 de maio de 2019, \u00e0s 13h30min.</p>\r\n<p>\u00a0</p>\r\n<p><b><span>Of\u00edcio n\u00ba 206/2019:</span></b> Por meio do Of\u00edcio n\u00ba 206/2019 de autoria do Poder Executivo encaminha o <b>Projeto de Lei n\u00ba 14/2019</b>, que \u201cDECLARA DE UTILIDADE P\u00daBLICA A ASSOCIA\u00c7\u00c3O BELA VISTA DE LINHA BELA VISTA DURIGON\". (submetido \u00e0s comiss\u00f5es t\u00e9cnicas e permanentes da casa).</p>\r\n<p><b><span>\u00a0</span></b></p>\r\n<p><b><span>Indica\u00e7\u00e3o n\u00ba 50/2019</span></b>: O vereador Marcos Baldo solicitou ao Executivo Municipal patrolamento, cascalhamento e compacta\u00e7\u00e3o da estrada geral e acessos as propriedades de L\u00aa Macaco Branco, sa\u00edda do Bairro Jaroseski at\u00e9 a propriedade do Sr. Hil\u00e1rio Turatti. (Aprovada por unanimidade de votos)</p>\r\n<p>\u00a0</p>\r\n<p><b><span>Indica\u00e7\u00e3o n\u00ba 51/2019</span></b>: O vereador Vlademir Oro solicitou ao Executivo Municipal constru\u00e7\u00e3o de um redutor de velocidade/lombada f\u00edsica na comunidade de L\u00aa Jorge Lacerda, nas proximidades da resid\u00eancia do Sr. Vitor Daniel Cecchin. (Aprovada por unanimidade de votos)</p>\r\n<p><b><span>Requerimento de Informa\u00e7\u00e3o n\u00ba 11/2019:</span></b> O vereador Edenilson Slaviero solicitou ao Executivo que forne\u00e7a esta Casa Legislativa o seguinte: C\u00f3pia de requerimentos de presta\u00e7\u00e3o de servi\u00e7o de m\u00e1quina feito junto \u00e0 secretaria de agricultura pelo agricultor Juliano Kasper e Oracilio Campagnaro no ano de 2019; C\u00f3pia de relat\u00f3rio de eventuais servi\u00e7os de m\u00e1quina executados na propriedade do agricultor Juliano Kasper e Oracilio Campagnaro no ano de 2019. (Aprovado por unanimidade de votos)</p>\r\n<p>\u00a0</p>\r\n<p><b>Solicita\u00e7\u00e3o:</b></p>\r\n<p>O vereador Marcos Baldo solicitou licen\u00e7a do cargo de presidente da mesa diretora, pelo per\u00edodo de 30 dias, a contar de 01 a 30 de junho de 2019. (Aprovada por unanimidade de votos)</p>\r\n<p>\u00a0</p>\r\n<p><b>Solicita\u00e7\u00e3o:</b></p>\r\n<p>O vereador Volmir Adelar Casagrande solicitou licen\u00e7a do cargo de vice-presidente da mesa diretora, pelo per\u00edodo de 30 dias, a contar de 01 a 30 de junho de 2019. (Aprovada por unanimidade de votos)</p>\r\n<p><b><span>\u00a0</span></b></p>\r\n<p><b><span>ORDEM DO DIA:</span></b>\u00a0Projetos aprovados por unanimidade de votos.</p>\r\n<p>\u00a0</p>\r\n<p align=\"center\"><b><span>Primeira Discuss\u00e3o e Vota\u00e7\u00e3o</span></b></p>\r\n<p align=\"center\"><b><span>\u00a0</span></b></p>\r\n<p><b><span>Projeto de Lei n\u00ba 10/2019, de autoria do Executivo Municipal:</span></b></p>\r\n<p>\u201cALTERA O INCISO \u201cVIII \u2013 ADICIONAL DE PLANT\u00c3O\u201d, DO ARTIGO 144, DA LEI N\u00ba 086/91, QUE DISP\u00d5E SOBRE O ESTATUTO DO SERVIDOR P\u00daBLICO DO MUNIC\u00cdPIO DE DESCANSO E DA OUTRAS PROVID\u00caNCIAS\u201d.</p>\r\n<p align=\"center\"><b><span>\u00a0</span></b></p>\r\n<p><b><span>Projeto de Lei n\u00ba 13/2019, de autoria do Executivo Municipal</span></b>: \u201cAUTORIZA CONTRIBUI\u00c7\u00c3O FINANCEIRA NO VALOR DE AT\u00c9 R$ 24.000,00 PARA O CLUBE ESPORTIVO E RECREATIVO OURO VERDE, ABERTURA DE CR\u00c9DITO ADICIONAL ESPECIAL E D\u00c1 OUTRAS PROVID\u00caNCIAS.\u201d</p>\r\n<p>\u00a0</p>\r\n<p><b><span>PALAVRA LIVRE</span></b></p>\r\n<p><b><span>\u00a0</span></b></p>\r\n<p>Claudiomiro e Osvanir explanando sobre o Torneio Regional em Itajub\u00e1.</p>\r\n<p><img src=\"https://www.descanso.sc.leg.br/institucional/fotos/SESSO.jpg/@@images/fadbf19a-5073-4bc2-ade6-7f37d62aa553.jpeg\" alt=\"\" class=\"image-inline\" title=\"\" /><img src=\"https://www.descanso.sc.leg.br/institucional/fotos/SESSO02.jpg/@@images/9bc9a63f-de6e-43f9-b332-b5663209e37d.jpeg\" alt=\"\" class=\"image-inline\" title=\"\" /><img src=\"https://www.descanso.sc.leg.br/institucional/fotos/SESSO03.jpg/@@images/e4ee7126-3a15-486e-bf8b-e9e6f93e0b56.jpeg\" alt=\"\" class=\"image-inline\" title=\"\" /></p>", "author_name": "", "version": "1.0", "author_url": "https://www.descanso.sc.leg.br/author/deo", "provider_name": "C\u00e2mara Municipal de Vereadores", "type": "rich"}