{"provider_url": "https://www.descanso.sc.leg.br", "title": "19\u00aa SESS\u00c3O ORDIN\u00c1RIA DE 2018", "html": "<p align=\"center\"><b>C\u00c2MARA MUNICIPAL DE DESCANSO</b></p>\r\n<p align=\"center\"><b>\u00a0</b></p>\r\n<p align=\"center\"><b>19\u00aa SESS\u00c3O ORDIN\u00c1RIA</b></p>\r\n<p align=\"center\"><b>\u00a0</b></p>\r\n<p align=\"center\"><b>15/05/2018 TER\u00c7A-FEIRA</b></p>\r\n<p align=\"center\"><b>\u00a0</b></p>\r\n<p align=\"center\"><b>PEQUENO EXPEDIENTE</b></p>\r\n<p align=\"center\"><b>\u00a0</b></p>\r\n<p align=\"center\"><b>Autoria: Poder Executivo</b><b></b></p>\r\n<p align=\"center\"><b>Of\u00edcio n\u00ba 217/2018:</b><b> </b>Por meio do Of\u00edcio n\u00ba 217/2018, encaminhando a C\u00e2mara de Vereadores, em resposta ao Requerimento de Informa\u00e7\u00f5es n\u00ba 04/2018.</p>\r\n<p align=\"center\">\u00a0</p>\r\n<p align=\"center\"><b>Autoria: Secret\u00e1rio do Estado</b></p>\r\n<p align=\"center\"><b>Of\u00edcio n\u00ba 214/2018:</b> Por meio do Of\u00edcio n\u00ba 214/2018, encaminhando a C\u00e2mara de Vereadores, em resposta ao Of\u00edcio n\u00ba 63/2018 da C\u00e2mara de Vereadores que trata da Mo\u00e7\u00e3o de Apelo n\u00ba 18/2018.</p>\r\n<p align=\"center\">\u00a0</p>\r\n<p align=\"center\"><b>Autoria: Denilso Francisco Vicentin</b></p>\r\n<p align=\"center\"><b>Indica\u00e7\u00e3o n\u00ba 78/2018: </b>Solicitando a conclus\u00e3o da abertura da Rua Bernardina Guissi, com extens\u00e3o de aproximadamente trezentos metros (300m), onde a mesma d\u00e1 acesso \u00e0 fam\u00edlia de Raquel Alves Caliari e outras, no Distrito de Itajub\u00e1.<b></b></p>\r\n<p>\u00a0</p>\r\n<p align=\"center\"><b>\u00a0ORDEM DO DIA</b></p>\r\n<p align=\"center\"><b>\u00a0</b></p>\r\n<p align=\"center\"><b>Segunda Discuss\u00e3o e Vota\u00e7\u00e3o </b></p>\r\n<p align=\"center\">Projeto de Lei n\u00ba 33/2018</p>\r\n<p align=\"center\"><b>\u00a0</b></p>\r\n<p align=\"center\"><b>\u00a0</b></p>\r\n<p align=\"center\"><b>\u00a0</b></p>\r\n<p align=\"center\"><b>\u00a0</b></p>\r\n<p align=\"center\"><b>\u00a0</b></p>\r\n<p align=\"center\"><b>\u00a0</b></p>\r\n<p align=\"center\">\u00a0</p>", "author_name": "", "version": "1.0", "author_url": "https://www.descanso.sc.leg.br/author/deo", "provider_name": "C\u00e2mara Municipal de Vereadores", "type": "rich"}