{"provider_url": "https://www.descanso.sc.leg.br", "title": "15\u00aa SESS\u00c3O ORDIN\u00c1RIA DE 2018", "html": "<p align=\"center\"><b>\u00a0</b></p>\r\n<p align=\"center\"><b>C\u00c2MARA MUNICIPAL DE DESCANSO</b></p>\r\n<p align=\"center\"><b>\u00a0</b></p>\r\n<p align=\"center\"><b>15\u00aa SESS\u00c3O ORDIN\u00c1RIA</b></p>\r\n<p align=\"center\"><b>\u00a0</b></p>\r\n<p align=\"center\"><b>17/04/2018 QUINTA-FEIRA</b></p>\r\n<p align=\"center\"><b>\u00a0</b></p>\r\n<p align=\"center\"><b>PEQUENO EXPEDIENTE</b></p>\r\n<p align=\"center\"><b>\u00a0</b></p>\r\n<p align=\"center\"><b>Autoria: Poder Executivo </b></p>\r\n<p align=\"center\"><b>Of\u00edcio n\u00ba 161/2018: </b>O Prefeito Municipal encaminhou para delibera\u00e7\u00e3o da Casa, o seguinte Projeto de Lei: Projeto de Lei n\u00ba 33/2018.<b></b></p>\r\n<p align=\"center\"><b>\u00a0</b></p>\r\n<p align=\"center\"><b>Autoria: Poder Executivo</b></p>\r\n<p align=\"center\"><b>Projeto de Lei n\u00ba 33/2018</b><b>: </b>\u201cDISP\u00d5E SOBRE DENOMINA\u00c7\u00c3O DE PR\u00c9DIO P\u00daBLICO E D\u00c1 OUTRAS PROVID\u00caNCIAS\u201d, o Projeto de Lei n\u00ba 33/2018 foi encaminhado \u00e0s Comiss\u00f5es T\u00e9cnicas e Permanentes da Casa.</p>\r\n<p align=\"center\">\u00a0</p>\r\n<p align=\"center\"><b>Autoria: Poder Executivo</b></p>\r\n<p align=\"center\"><b>Of\u00edcio n\u00ba 164/2018: </b>O Prefeito Municipal solicitou a substitui\u00e7\u00e3o<b> </b>do Projeto de Lei n\u00ba 30/2018, tendo em vista que este apresenta erro de digita\u00e7\u00e3o na ordem cronol\u00f3gica dos artigos, mantendo rito normal deste, pois o texto n\u00e3o sofre nenhuma altera\u00e7\u00e3o. Com a concord\u00e2ncia de todos os vereadores o Projeto de Lei 30/2018 foi submetido \u00e0 Ordem do Dia.<b></b></p>\r\n<p align=\"center\"><b>\u00a0</b></p>\r\n<p align=\"center\"><b>Autoria: Poder Legislativo (Jhoni Zort\u00e9a)</b></p>\r\n<p align=\"center\"><b>Projeto de Lei n\u00ba 35/2018: </b>\u201cINSTITUI O M\u00caS DE ABRIL COMO O \u201cM\u00caS DE CONSCIENTIZA\u00c7\u00c3O SOBRE O TRANSTORNO DO ESPECTRO AUTISTA\u201d E INCLUI NO CALEND\u00c1RIO OFICIAL DE EVENTOS E COMEMORA\u00c7\u00d5ES DO MUNIC\u00cdPIO DE DESCANSO/SC, E D\u00c1 OUTRAS PROVID\u00caNCIAS\u201d, o Projeto de Lei n\u00ba 35/2018 foi encaminhado as Comiss\u00f5es T\u00e9cnicas e Permanentes da Casa.</p>\r\n<p align=\"center\">\u00a0</p>\r\n<p align=\"center\"><b>Projeto de Decreto Legislativo n\u00ba 02/2018:</b> \u201cDISP\u00d5E SOBRE AS CONTAS DO PREFEITO MUNICIPAL DE DESCANSO RELATIVAS AO EXERC\u00cdCIO FINANCEIRO DE 2016, CONFORME PARECER PR\u00c9VIO N\u00ba 0059/2017 DO TCE \u2013 TRIBUNAL DE CONTAS DO ESTADO DE SANTA CATARINA E D\u00c1 OUTRAS PROVID\u00caNCIAS\u201d, foi encaminhado \u00e0 Ordem do Dia.</p>\r\n<p align=\"center\">\u00a0</p>\r\n<p align=\"center\"><b>Autoria: Poder Executivo </b></p>\r\n<p align=\"center\"><b>Of\u00edcio n\u00ba 168/2018:</b> O Prefeito Municipal encaminhou convite para a programa\u00e7\u00e3o que acontecer\u00e1 dia 28 de abril de 2018, na Comunidade de Linha Vor\u00e1.</p>\r\n<p>\u00a0</p>\r\n<p align=\"center\"><b>Of\u00edcio n\u00ba 127/2018:</b> O Secret\u00e1rio de Estado Sr. Airton Spies, confirmou o recebimento da Mo\u00e7\u00e3o de Apelo 07/2018, que esta Casa Legislativa, dirigiu ao Governo de Estado para solicitar ado\u00e7\u00e3o de medidas de apoio aos produtores de leite.</p>\r\n<p align=\"center\">\u00a0</p>\r\n<p align=\"center\"><b>Autoria: Marcos Baldo</b></p>\r\n<p><b>Indica\u00e7\u00e3o n\u00ba 62/2018: </b>Solicitando o melhoramento do bueiro e o cascalhamento da estrada de acesso ao chiqueir\u00e3o de su\u00ednos do Sr. Hermes Viapiana e do Sr. Paulo Pauletto.</p>\r\n<p align=\"center\"><b>\u00a0</b></p>\r\n<p align=\"center\"><b>Autoria: Todos os Vereadores</b></p>\r\n<p align=\"center\"><b>Mo\u00e7\u00e3o de Apoio n\u00ba 19/2018: </b>Para que sejam convocados os candidatos excedentes no Concurso P\u00fablico \u2013 Edital Nr 001/2017/DP/CBMSC, os quais j\u00e1 est\u00e3o aprovados nos Exames de Avalia\u00e7\u00e3o de Escolaridade, Sa\u00fade, F\u00edsica, Psicol\u00f3gica e Investiga\u00e7\u00e3o Social, para que ingressem no Corpo de Bombeiros Militar de Santa Catarina (CBMSC)<b>.</b></p>\r\n<p align=\"center\"><b>\u00a0</b></p>\r\n<p align=\"center\"><b>ORDEM DO DIA </b></p>\r\n<p><b>\u00a0</b></p>\r\n<p align=\"center\"><b>Projeto de Decreto Legislativo n\u00ba 02/2018</b></p>\r\n<p align=\"center\"><b>\u00a0</b></p>\r\n<p align=\"center\"><b>Primeira Discuss\u00e3o e Vota\u00e7\u00e3o</b></p>\r\n<p align=\"center\"><b>Projeto de Lei n\u00ba 30/2018</b></p>\r\n<p align=\"center\"><b>\u00a0</b></p>\r\n<p align=\"center\"><b>PALAVRA LIVRE</b></p>\r\n<p align=\"center\"><b>\u00a0</b></p>\r\n<p align=\"center\"><b>Secret\u00e1rio de Sa\u00fade Sr. Cleber Rech: </b>Usou o espa\u00e7o para falar das a\u00e7\u00f5es que vem desenvolvendo junto a Secret\u00e1ria de Sa\u00fade do munic\u00edpio, relatando servi\u00e7os que est\u00e3o sendo oferecidos com recursos pr\u00f3prios em parcerias com o Governo de Estado e credenciamentos com hospitais da regi\u00e3o. Na oportunidade convidou os vereadores para participar da presta\u00e7\u00e3o de contas que acontecer\u00e1 no m\u00eas de maio, salientando a import\u00e2ncia da presen\u00e7a de toda a popula\u00e7\u00e3o.</p>", "author_name": "", "version": "1.0", "author_url": "https://www.descanso.sc.leg.br/author/deo", "provider_name": "C\u00e2mara Municipal de Vereadores", "type": "rich"}