{"provider_url": "https://www.descanso.sc.leg.br", "title": "13\u00aa SESS\u00c3O ORDIN\u00c1RIA DE 2019", "html": "<p>\u00a0</p>\r\n<p>A C\u00e2mara Municipal de Vereadores de Descanso realizou na noite de ontem, 09 de abril, a 13\u00aa Sess\u00e3o Ordin\u00e1ria de 2019. No Pequeno Expediente foi apresentado 01 Projeto de Lei, 02 Indica\u00e7\u00f5es, 01 Requerimento e 01 Mo\u00e7\u00e3o.</p>\r\n<p>\u00a0</p>\r\n<p><b><span>Projeto de Lei n\u00ba 09/2019,</span></b> encaminhado pelo Poder Executivo Municipal, que \u201cAUTORIZA O PODER EXECUTIVO A ESCRITURAR IM\u00d3VEL DO DISTRITO INDUSTRIAL E D\u00c1 OUTRAS PROVID\u00caNCIAS\u201d.</p>\r\n<p><b><span>\u00a0</span></b></p>\r\n<p><b><span>O Projeto de Lei n\u00ba 09/2019 foi encaminhado as Comiss\u00f5es T\u00e9cnicas e Permanentes da Casa.</span></b></p>\r\n<p>\u00a0</p>\r\n<p><b><span>Indica\u00e7\u00e3o n\u00ba 36/2019</span></b></p>\r\n<p>De autoria do vereador Denilso Francisco Vicentin, solicitando ao Poder Executivo, melhorias com patrolamento, cascalhamento e compacta\u00e7\u00e3o na estrada de acesso das fam\u00edlias de Avelino Penso, Pedro Brugnerotto e Carlos Brugnerotto em L\u00aa Jabuticabal, Comunidade de S\u00e3o Valentin.</p>\r\n<p>\u00a0</p>\r\n<p><b><span>Indica\u00e7\u00e3o n\u00ba 37/2019</span></b></p>\r\n<p>De autoria do vereador Vlademir Oro, solicitando ao Poder Executivo, a viabilidade de instala\u00e7\u00e3o/constru\u00e7\u00e3o de abrigo de prote\u00e7\u00e3o contra intemp\u00e9ries na Rua Humberto de Campos, nas proximidades da Mec\u00e2nica do M\u00e1rio.</p>\r\n<p>\u00a0</p>\r\n<p><b><span>Requerimento n\u00ba 05/2019</span></b></p>\r\n<p>De autoria dos vereadores Juliano Junior Kasper e Denilso Francisco Vicentin, solicitando ao Presidente da C\u00e2mara Municipal de Vereadores, para que, se proceda da seguinte forma:</p>\r\n<p><b>1.\u00a0\u00a0\u00a0\u00a0\u00a0\u00a0 </b><span>Que esta Casa Legislativa d\u00ea a incumb\u00eancia e autoriza\u00e7\u00e3o ao assessor jur\u00eddico atualmente em exerc\u00edcio para que diligencie na busca de informa\u00e7\u00f5es acerca do processo penal e/ou c\u00edvel que apura eventuais pr\u00e1ticas il\u00edcitas em procedimento licitat\u00f3rio de compra de s\u00eamen, fazendo pedido de acesso aos autos.</span></p>\r\n<p><span></span><b>2.\u00a0\u00a0\u00a0\u00a0\u00a0\u00a0 </b><span>Que, conseguindo as informa\u00e7\u00f5es, repasse-as \u00e0 esta casa legislativa, inclusive com c\u00f3pia dos autos, desde que n\u00e3o prejudique eventuais investiga\u00e7\u00f5es, para averiguar com base nas provas existentes quais medidas podem ser tomadas.</span></p>\r\n<p>\u00a0</p>\r\n<p><b><span>Mo\u00e7\u00e3o de Aplauso n\u00ba 12/2019</span></b></p>\r\n<p>De autoria do vereador M\u00e1rcio Maximino Bortoloto, aplaudindo ao ex-comandante e subtenente da Pol\u00edcia Militar de Descanso Ilionei Manfroi, e o atual comandante Ademir Ludvig, nos seguintes termos:</p>\r\n<p><strong>PARABENIZANDO AO EX-COMANDANTE E SUBTENENTE ILIONEI MANFROI PELO TRABALHO DESENVOLVIDO COMO COMANDANTE E SUBTENENTE DA POL\u00cdCIA MILITAR DE DESCANSO E AO COMANDANTE ATUAL ADEMIR LUDVIG PELO TRABALHO QUE VEM DESENVOLVENDO.</strong></p>\r\n<p>\u00a0</p>\r\n<p>\u00a0<img src=\"https://www.descanso.sc.leg.br/institucional/fotos/file110.jpeg/@@images/0bc7c3c4-4f15-4322-9c39-f7a1cb3868b8.jpeg\" alt=\"\" class=\"image-inline\" title=\"\" /><img src=\"https://www.descanso.sc.leg.br/institucional/fotos/copy_of_file14.jpeg/@@images/eaa886c5-f12c-4214-99d7-10566eec321c.jpeg\" alt=\"\" class=\"image-inline\" title=\"\" /><img src=\"https://www.descanso.sc.leg.br/institucional/fotos/copy_of_file26.jpeg/@@images/775382ef-5769-424f-869d-750abf7a0f94.jpeg\" alt=\"\" class=\"image-inline\" title=\"\" /></p>", "author_name": "", "version": "1.0", "author_url": "https://www.descanso.sc.leg.br/author/deo", "provider_name": "C\u00e2mara Municipal de Vereadores", "type": "rich"}