{"provider_url": "https://www.descanso.sc.leg.br", "title": "13\u00aa SESS\u00c3O ORDIN\u00c1RIA DE 2018", "html": "<p align=\"center\"><b>C\u00c2MARA MUNICIPAL DE DESCANSO</b></p>\r\n<p align=\"center\"><b>\u00a0</b></p>\r\n<p align=\"center\"><b>13\u00aa SESS\u00c3O ORDIN\u00c1RIA</b></p>\r\n<p align=\"center\"><b>\u00a0</b></p>\r\n<p align=\"center\"><b>10/04/2018 TER\u00c7A-FEIRA</b></p>\r\n<p align=\"center\"><b>\u00a0</b></p>\r\n<p align=\"center\"><b>PEQUENO EXPEDIENTE</b></p>\r\n<p align=\"center\"><b>\u00a0</b></p>\r\n<p align=\"center\"><b>Autoria: Poder Executivo</b></p>\r\n<p align=\"center\">Por meio do Of\u00edcio n\u00ba 152/2018 o Prefeito Municipal, encaminhou os seguintes Projeto de Lei: Projeto de Lei n\u00ba 31/2018 e Projeto de Lei n\u00ba 32/2018.</p>\r\n<p align=\"center\"><b>\u00a0</b></p>\r\n<p align=\"center\"><b>Projeto de Lei n\u00ba 31/2018</b></p>\r\n<p align=\"center\">\u201cDISP\u00d5E SOBRE ARQUIVAMENTO E ELIMINA\u00c7\u00c3O DE DOCUMENTOS P\u00daBLICOS DO MUNIC\u00cdPIO DE DESCANSO/SC E D\u00c1 OUTRAS PROVID\u00caNCIAS.\u201d</p>\r\n<p align=\"center\">\u00a0</p>\r\n<p align=\"center\"><b>Projeto de Lei n\u00ba 32/2018</b></p>\r\n<p align=\"center\">\u201cAUTORIZA O PODER EXECUTIVO CUSTEAR DESPESAS COM LOCOMO\u00c7\u00c3O DE EQUIPES ESPORTIVAS, GRUPOS OU ASSOCIA\u00c7\u00d5ES QUE REPRESENTEM O MUNIC\u00cdPIO EM EVENTOS CULTURAIS, ESPORTIVOS E EDUCACIONAIS E CAPACITA\u00c7\u00c3O, REALIZADOS A N\u00cdVEIS REGIONAL, ESTADUAL OU NACIONAL, E D\u00c1 OUTRAS PROVID\u00caNCIAS.\u201d</p>\r\n<p align=\"center\">\u00a0</p>\r\n<p align=\"center\"><b>Autoria: M\u00e1rio Francisco Pissaia</b></p>\r\n<p align=\"center\"><b>Indica\u00e7\u00e3o n\u00ba 60/2018</b>: Solicitando a constru\u00e7\u00e3o de um abrigo contra intemp\u00e9ries para os alunos que esperam os \u00f4nibus, em entre L\u00aa Taqu\u00e1 e L\u00aa Cachoeirinha.</p>\r\n<p align=\"center\">\u00a0</p>\r\n<p align=\"center\"><b>Autoria: Vlademir Oro</b></p>\r\n<p align=\"center\"><b>Mo\u00e7\u00e3o de Aplauso n\u00ba 17/2018: </b>Parabenizando o casal Paulino Turcatto e Idavina Facin Turcatto, pelos 52 anos de casados.</p>\r\n<p align=\"center\"><b>\u00a0</b></p>\r\n<p align=\"center\"><b>ORDEM DO DIA</b></p>\r\n<p align=\"center\"><b>\u00a0</b></p>\r\n<p align=\"center\"><b>Segunda Discuss\u00e3o e Vota\u00e7\u00e3o</b></p>\r\n<p align=\"center\">Projeto de Lei n\u00ba 26/2018</p>\r\n<p align=\"center\">Projeto de Lei n\u00ba 27/2018</p>\r\n<p align=\"center\">Projeto de Lei n\u00ba 28/2018</p>\r\n<p align=\"center\">Projeto de Lei n\u00ba 29/2018</p>\r\n<p align=\"center\"><b>\u00a0</b></p>\r\n<p>\u00a0</p>", "author_name": "", "version": "1.0", "author_url": "https://www.descanso.sc.leg.br/author/deo", "provider_name": "C\u00e2mara Municipal de Vereadores", "type": "rich"}