{"provider_url": "https://www.descanso.sc.leg.br", "title": "12\u00aa SESS\u00c3O ORDIN\u00c1RIA DE 2019", "html": "<p>A 12\u00aa Sess\u00e3o Ordin\u00e1ria de 2019 transcorreu nesta \u00faltima quinta-feira, 04 de abril. No Pequeno Expediente foi apresentado dois Projetos de Lei, 01 Indica\u00e7\u00e3o e 01 Mo\u00e7\u00e3o. Na Ordem do Dia n\u00e3o houve mat\u00e9ria.</p>\r\n<p>\u00a0</p>\r\n<p><b><span>Projeto de Lei n\u00ba 07/2019,</span></b> encaminhado pelo Executivo Municipal, que \u201cALTERA LEI 04/90 E LEI 86/91 E D\u00c1 OUTRAS PROVID\u00caNCIAS\u201d.</p>\r\n<p>\u00a0</p>\r\n<p><b><span>Projeto de Lei n\u00ba 08/2019,</span></b> encaminhado pelo Executivo Municipal, que \u201cALTERA A LEI 263/2000 E D\u00c1 OUTRAS PROVID\u00caNCIAS\u201d.</p>\r\n<p><b><span>\u00a0</span></b></p>\r\n<p><b><span>Os Projetos de Lei n\u00ba 07 e 08/2019 foram encaminhados as Comiss\u00f5es T\u00e9cnicas e Permanentes da Casa.</span></b></p>\r\n<p>\u00a0</p>\r\n<p>\u00a0</p>\r\n<p><b><span>Indica\u00e7\u00e3o n\u00ba 35/2019</span></b></p>\r\n<p>De autoria do Vereador Marcos Baldo, solicitando ao Executivo, a realiza\u00e7\u00e3o de reparo e manuten\u00e7\u00e3o de brinquedos e aparelhos de gin\u00e1stica, instalados na Pra\u00e7a\u00a0Padre Francisco Masure.</p>\r\n<p>\u00a0</p>\r\n<p><b><span>Mo\u00e7\u00e3o de Rep\u00fadio n\u00ba 11/2019</span></b></p>\r\n<p>De autoria dos Vereadores Edenilson Slaviero e Vlademir Oro repudiando ao Presidente da C\u00e2mara dos Deputados, ao Presidente do Senado Federal e aos Parlamentares da Bancada Catarinense na C\u00e2mara dos Deputados e no Senado, ao Presidente da Comiss\u00e3o de Constitui\u00e7\u00e3o e Justi\u00e7a da C\u00e2mara dos Deputados, nos seguintes termos:</p>\r\n<p><b>A C\u00c2MARA MUNICIPAL DE DESCANSO ATENDENDO PROPOSI\u00c7\u00c3O DOS VEREADORES EDENILSON SLAVIERO e VLADEMIR ORO, MANIFESTAM-SE CONTR\u00c1RIOS \u00c0 PROPOSTA DE EMENDA A CONSTITUI\u00c7\u00c3O PEC N\u00ba </b><a href=\"https://www.camara.leg.br/proposicoesWeb/prop_mostrarintegra?codteor=1712459&amp;filename=PEC+6/2019\"><b>06/2019</b></a><b>, QUE ALTERA AS REGRAS DA SEGURIDADE SOCIAL NO BRASIL, DISPONDO SOBRE A REFORMA DA PREVIDE\u0302NCIA, ESTABELECE REGRAS DE TRANSI\u00c7\u00c3O E D\u00c1 OUTRAS PROVID\u00caNCIAS\", E DEFENDE SUA REJEI\u00c7\u00c3O E ARQUIVAMENTO.</b></p>\r\n<p>\u00a0</p>\r\n<p><b><span>Na Ordem do Dia n\u00e3o houve mat\u00e9ria.</span></b></p>\r\n<p><b><span>\u00a0</span></b></p>\r\n<p>\u00a0</p>\r\n<p><b><span>\u00a0</span></b></p>\r\n<p>\u00a0<img src=\"https://www.descanso.sc.leg.br/institucional/fotos/file24.jpeg/@@images/e410ba0e-9ba5-41bb-997b-9c756f704947.jpeg\" alt=\"\" class=\"image-inline\" title=\"\" /><img src=\"https://www.descanso.sc.leg.br/institucional/fotos/file16.jpeg/@@images/4ac205b0-7f00-47a3-9fb1-d7a2e77fdf12.jpeg\" alt=\"\" class=\"image-inline\" title=\"\" /></p>", "author_name": "", "version": "1.0", "author_url": "https://www.descanso.sc.leg.br/author/deo", "provider_name": "C\u00e2mara Municipal de Vereadores", "type": "rich"}