{"provider_url": "https://www.descanso.sc.leg.br", "title": "11\u00aa SESS\u00c3O ORDIN\u00c1RIA DE 2019", "html": "<p>Na ter\u00e7a-feira, 02 de abril, foi realizada a 11\u00aa Sess\u00e3o Ordin\u00e1ria de 2019, dispondo no Pequeno Expediente de 03 Indica\u00e7\u00e3o e 01 Mo\u00e7\u00e3o. Na Ordem do Dia n\u00e3o houve mat\u00e9ria.</p>\r\n<p>\u00a0</p>\r\n<p><b>PEQUENO EXPEDIENTE</b></p>\r\n<p><b>\u00a0</b></p>\r\n<p><b><span>Indica\u00e7\u00e3o n\u00ba 31/2019</span></b></p>\r\n<p>De autoria do Vereador Marcos Baldo solicitando ao Executivo, a recupera\u00e7\u00e3o da estrada geral e os acessos \u00e0s propriedades, iniciando no Sr. Paulo Garbin em L\u00aa Santa Catarina, e passando pelas fam\u00edlias do Sr. Antoninho Cechin, Itacir Cherobim e Acidir Cherobim at\u00e9 o Distrito de Itajub\u00e1, do mesmo modo, demanda a recupera\u00e7\u00e3o e melhorias na ponte pr\u00f3xima a resid\u00eancia do Sr. Paulo Garbin.</p>\r\n<p><b>\u00a0</b></p>\r\n<p><b><span>Indica\u00e7\u00e3o n\u00ba 32/2019</span></b></p>\r\n<p>De autoria dos Vereadores Vlademir Oro e M\u00e1rcio Maximino Bortoloto, solicitando a Ag\u00eancia Nacional de Telecomunica\u00e7\u00f5es (<em>Anatel</em>) e as Operadoras de Celulares<b>, </b>a instala\u00e7\u00e3o de torre ou antena para melhoramento do sinal de telefonia celular na Comunidade de L\u00aa Cruzinhas, munic\u00edpio de Descanso.</p>\r\n<p><b>\u00a0</b></p>\r\n<p><b><span>Indica\u00e7\u00e3o n\u00ba 33/2019</span></b></p>\r\n<p>De autoria do Vereador Denilso Francisco Vicentin, solicitando ao Executivo, a reforma da ponte sobre o Rio Macaco Branco, na propriedade de Diogo Concatto, onde a mesma d\u00e1 acesso \u00e0s propriedades das fam\u00edlias de Ivanir Rosin, Marcio Rosin e outras fam\u00edlias.</p>\r\n<p>\u00a0</p>\r\n<p><b><span>Indica\u00e7\u00e3o n\u00ba 34/2019</span></b></p>\r\n<p>De autoria do Vereador Juliano Junior Kasper, solicitando ao Executivo, a retomada dos agendamentos e consultas com a ginecologista no Posto de Sa\u00fade.</p>\r\n<p>\u00a0</p>\r\n<p>\u00a0<b><span>Mo\u00e7\u00e3o n\u00ba 10/2019</span></b></p>\r\n<p>De autoria do Vereador Edenilson Slaviero<b> </b>apelando ao Congresso Nacional, Senado Federal, Secret\u00e1rio da Sa\u00fade do Estado de Santa Catarina para a Confer\u00eancia Estadual da Sa\u00fade e ao Ministro da Sa\u00fade para a Confer\u00eancia Nacional da Sa\u00fade, nos seguintes termos:</p>\r\n<p><b>A FIM DE REVOGAR A EMENDA CONSTITUCIONAL/95 QUE ESTABELECE TETO DE GASTOS PARA O GOVERNO FEDERAL NA SA\u00daDE E EDUCA\u00c7\u00c3O POR 20 ANOS.</b></p>\r\n<p>\u00a0</p>\r\n<p><b>ORDEM DO DIA</b></p>\r\n<p>N\u00e3o houve mat\u00e9ria na Ordem do Dia.</p>\r\n<p><img src=\"https://www.descanso.sc.leg.br/institucional/fotos/file15.jpeg/@@images/8d6a3b23-9056-43a6-acb9-9ee58548efa6.jpeg\" alt=\"\" class=\"image-inline\" title=\"\" /></p>\r\n<p><img src=\"https://www.descanso.sc.leg.br/institucional/fotos/file6.jpeg/@@images/8a7f5397-c0dd-42fd-b3f0-37873cfab29c.jpeg\" alt=\"\" class=\"image-inline\" title=\"\" /></p>", "author_name": "", "version": "1.0", "author_url": "https://www.descanso.sc.leg.br/author/deo", "provider_name": "C\u00e2mara Municipal de Vereadores", "type": "rich"}