{"provider_url": "https://www.descanso.sc.leg.br", "title": "11\u00aa SESS\u00c3O ORDIN\u00c1RIA DE 2018", "html": "<p align=\"center\"><b>C\u00c2MARA MUNICIPAL DE DESCANSO</b></p>\r\n<p align=\"center\"><b>\u00a0</b></p>\r\n<p align=\"center\"><b>11\u00aa SESS\u00c3O ORDIN\u00c1RIA</b></p>\r\n<p align=\"center\"><b>\u00a0</b></p>\r\n<p align=\"center\"><b>03/04/2018 TER\u00c7A-FEIRA</b></p>\r\n<p align=\"center\"><b>\u00a0</b></p>\r\n<p align=\"center\"><b>PEQUENO EXPEDIENTE</b></p>\r\n<p align=\"center\"><b>\u00a0</b></p>\r\n<p align=\"center\"><b>Autoria: M\u00e1rcio Maximino Bortoloto</b></p>\r\n<p align=\"center\"><b>Indica\u00e7\u00e3o n\u00ba 53/2018: </b>Solicitando a constru\u00e7\u00e3o de uma lombada, em L\u00aa Jorge Lacerda.</p>\r\n<p align=\"center\"><b>Indica\u00e7\u00e3o n\u00ba 54/2018: </b>Solicitando melhorias e embelezamento na Pra\u00e7a Padre Francisco Masure.</p>\r\n<p align=\"center\"><b>\u00a0</b></p>\r\n<p align=\"center\"><b>Autoria: Marcos Baldo</b></p>\r\n<p align=\"center\"><b>Indica\u00e7\u00e3o n\u00ba 55/2018: </b>Solicitando recupera\u00e7\u00e3o da entrada da propriedade de Domingos Fl\u00e1vio Debastiani.</p>\r\n<p align=\"center\"><b>\u00a0</b></p>\r\n<p align=\"center\"><b>Autoria do Parlamento Jovem Descansense/Grupo 1: Tainara Signor </b></p>\r\n<p><b>Indica\u00e7\u00e3o n\u00ba 01/2018: </b>Solicitando a aquisi\u00e7\u00e3o de ventiladores industriais, para a quadra do gin\u00e1sio da Comunidade de L\u00aa Cachoeirinha.</p>\r\n<p align=\"center\"><b>\u00a0</b></p>\r\n<p align=\"center\"><b>\u00a0</b></p>\r\n<p align=\"center\"><b>Autoria do Parlamento Jovem Descansense/Grupo 2: Geovana da Silva de Castro:</b></p>\r\n<p><b>Indica\u00e7\u00e3o n\u00ba 01/2018: </b>Solicitando a constru\u00e7\u00e3o de uma mini Esta\u00e7\u00e3o de Tratamento das \u00c1guas (ETA) da chuva nas depend\u00eancias da Escola de Educa\u00e7\u00e3o B\u00e1sica Itajub\u00e1.</p>\r\n<p><b>\u00a0</b></p>\r\n<p align=\"center\"><b>Autoria: Denilso Francisco Vicentin</b></p>\r\n<p align=\"center\"><b>Requerimento de Informa\u00e7\u00e3o n\u00ba 03/2018: </b>Quais os procedimentos que o Poder Executivo est\u00e1 tomando para as melhorias necess\u00e1rias na ponte do rio Macaco Branco, considerando em que essa ponte se encontra em prec\u00e1rias condi\u00e7\u00f5es.<b></b></p>\r\n<p align=\"center\"><b>\u00a0</b></p>\r\n<p align=\"center\"><b>Autoria: Edenilson Slaviero</b></p>\r\n<p align=\"center\"><b>Mo\u00e7\u00e3o de Apoio n\u00ba 15/2018: </b>Apoiando o Presidente da FECAM (Federa\u00e7\u00e3o Catarinense de Munic\u00edpios), Sr. Volnei Morastoni, considerando que a FECAM desaprova as decis\u00f5es tomadas pela Uni\u00e3o em 2018, que interferem e impactam diretamente na gest\u00e3o do munic\u00edpio, sendo elas; 1: Atraso ao pagamento do Apoio Financeiro aos Munic\u00edpios (AFM); 2: Aumento abusivo das Taxas de Administra\u00e7\u00e3o dos recursos das emendas parlamentares.</p>\r\n<p align=\"center\"><b>\u00a0</b></p>\r\n<p align=\"center\"><b>Autoria: M\u00e1rio Francisco Pissaia e Edenilson Slaviero</b></p>\r\n<p align=\"center\"><b>Mo\u00e7\u00e3o de Aplauso n\u00ba 16/2018: </b>Parabenizando ao Rotaract Club de Descanso/ SC, pela bela a\u00e7\u00e3o social, no s\u00e1bado v\u00e9spera de P\u00e1scoa.</p>\r\n<p align=\"center\">\u00a0</p>\r\n<p align=\"center\"><b>ORDEM DO DIA</b></p>\r\n<p align=\"center\"><b>\u00a0</b></p>\r\n<p align=\"center\"><b>Segunda Discuss\u00e3o e Vota\u00e7\u00e3o </b></p>\r\n<p align=\"center\">Proposta de Emenda Modificativa n\u00ba 01/2018</p>\r\n<p align=\"center\">\u00a0Emendas Aditivas 01 e 02/2018</p>\r\n<p align=\"center\">Projeto de Lei n\u00ba 15/2018 com a Proposta de Emenda Modificativa n\u00ba 01/2018 e Emendas Aditivas n\u00ba 01 e 02/2018</p>\r\n<p>\u00a0</p>", "author_name": "", "version": "1.0", "author_url": "https://www.descanso.sc.leg.br/author/deo", "provider_name": "C\u00e2mara Municipal de Vereadores", "type": "rich"}