{"provider_url": "https://www.descanso.sc.leg.br", "title": "10\u00aa SESS\u00c3O ORDIN\u00c1RIA DE 2018", "html": "<p align=\"center\"><b>C\u00c2MARA MUNICIPAL DE DESCANSO</b></p>\r\n<p align=\"center\"><b>\u00a0</b></p>\r\n<p align=\"center\"><b>10\u00aa SESS\u00c3O ORDIN\u00c1RIA</b></p>\r\n<p align=\"center\"><b>\u00a0</b></p>\r\n<p align=\"center\"><b>27/03/2018 QUINTA-FEIRA</b></p>\r\n<p align=\"center\"><b>\u00a0</b></p>\r\n<p align=\"center\"><b>PEQUENO EXPEDIENTE</b></p>\r\n<p align=\"center\"><b>\u00a0</b></p>\r\n<p align=\"center\"><b>Of\u00edcio n\u00ba 133/2018: Autoria Poder Executivo</b></p>\r\n<p align=\"center\">O Prefeito Municipal encaminhou para delibera\u00e7\u00e3o da Casa, os seguintes Projetos de Lei: Projeto de Lei n\u00ba 26/2018, Projeto de Lei n\u00ba 27/2018, Projeto de Lei 28/2018, Projeto de Lei n\u00ba 29/2018 e Projeto de Lei n\u00ba 30/2018.</p>\r\n<p align=\"center\">\u00a0</p>\r\n<p align=\"center\"><b>Projeto de Lei n\u00ba 26/2018</b></p>\r\n<p align=\"center\">\u201cAutoriza abertura de Cr\u00e9dito Adicional Suplementar no valor de R$ 342.563,00 e d\u00e1 outras provid\u00eancias.\u201d</p>\r\n<p align=\"center\">\u00a0</p>\r\n<p align=\"center\"><b>Projeto de Lei n\u00ba 27/2018</b></p>\r\n<p align=\"center\">\u201cAutoriza abertura de Cr\u00e9dito Adicional Suplementar no valor de R$ 24.000,00 e d\u00e1 outras provid\u00eancias.\u201d</p>\r\n<p align=\"center\">\u00a0</p>\r\n<p align=\"center\"><b>Projeto de Lei n\u00ba 28/2018</b></p>\r\n<p align=\"center\">\u201cAutoriza abertura de Cr\u00e9dito Adicional Suplementar no valor de R$ 92.000,00 e d\u00e1 outras provid\u00eancias.\u201d</p>\r\n<p align=\"center\">\u00a0</p>\r\n<p align=\"center\"><b>Projeto de Lei n\u00ba 29/2018</b></p>\r\n<p align=\"center\">\u201cAutoriza abertura de Cr\u00e9dito Adicional Suplementar no valor de R$ 1.700,40 e d\u00e1 outras provid\u00eancias.\u201d</p>\r\n<p align=\"center\">\u00a0</p>\r\n<p align=\"center\"><b>Projeto de Lei n\u00ba 30/2018</b></p>\r\n<p align=\"center\">\u201cCria Programas de Recolha e destina\u00e7\u00e3o final de carca\u00e7as de animais bovinos no territ\u00f3rio de Descanso e d\u00e1 outras provid\u00eancias.\u201d</p>\r\n<p align=\"center\">\u00a0</p>\r\n<p align=\"center\"><b>Os Projetos de Lei n\u00ba 26, 27, 28, 29 e 30/2018 foram destinados \u00e1s comiss\u00f5es t\u00e9cnicas e permanentes da Casa.</b></p>\r\n<p align=\"center\">\u00a0</p>\r\n<p align=\"center\"><b>Of\u00edcio n\u00ba 4176/2018</b></p>\r\n<p align=\"center\">O Tribunal de Contas do Estado comunicou o tr\u00e2nsito em julgado e a disponibilidade para o julgamento do processo n\u00ba @PCP-17/00106195, que trata de Presta\u00e7\u00e3o de Contas do Prefeito referente ao exerc\u00edcio de 2016 da Prefeitura Municipal de Descanso, foi encaminhado A Comiss\u00e3o Legislativa de Pareceres.</p>\r\n<p align=\"center\">\u00a0</p>\r\n<p align=\"center\"><b>Autoria: Jhoni Zort\u00e9a</b></p>\r\n<p align=\"center\"><b>Indica\u00e7\u00e3o n\u00ba 51/2018: </b>Solicitando o patrolamento e cascalhamento na Rua H\u00e9lio Wassum, e a possibilidade de o munic\u00edpio pavimentar com pedras irregulares a rua citada.<b></b></p>\r\n<p align=\"center\"><b>Requerimento de Informa\u00e7\u00e3o n\u00ba 02/2018:</b></p>\r\n<p align=\"center\"><b>\u00a0</b></p>\r\n<p align=\"center\"><b>Autoria: Luiz Carlos Pereira</b></p>\r\n<p align=\"center\"><b>Indica\u00e7\u00e3o n\u00ba 52/2018: </b>Solicitando a remo\u00e7\u00e3o das fam\u00edlias que se encontram irregulares instaladas no terreno p\u00fablico localizado no Bairro Industrial e sem as condi\u00e7\u00f5es m\u00ednimas de higiene, sa\u00fade e bem-estar.</p>\r\n<p align=\"center\"><b>\u00a0</b></p>\r\n<p align=\"center\"><b>Autoria: Vlademir Oro</b></p>\r\n<p align=\"center\"><b>Mo\u00e7\u00e3o de Aplauso n\u00ba 14/2018: </b>Parabenizando o casal Sr. Val\u00e9rio Vigan\u00f3 e a Sra. Maria Helena Vigan\u00f3, pelos 50 anos de casados.</p>\r\n<p align=\"center\"><b>\u00a0</b></p>\r\n<p align=\"center\"><b>ORDEM DO DIA</b></p>\r\n<p align=\"center\"><b>\u00a0</b></p>\r\n<p align=\"center\"><b>Segunda Discuss\u00e3o e Vota\u00e7\u00e3o</b></p>\r\n<p align=\"center\">Projeto de Lei n\u00ba 16/2018</p>\r\n<p align=\"center\">Projeto de Lei n\u00ba 23/2018</p>\r\n<p align=\"center\">Projeto de Lei n\u00ba 24/2018</p>\r\n<p align=\"center\">\u00a0</p>\r\n<p align=\"center\"><b>Primeira Discuss\u00e3o e Vota\u00e7\u00e3o</b></p>\r\n<p align=\"center\">Proposta de Emenda Modificativa</p>\r\n<p align=\"center\">Emendas Aditivas 01 e 02/2018</p>\r\n<p align=\"center\">Projeto de Lei n\u00ba 15/2018 com a Proposta de Emenda Modificativa e Emendas Aditivas n\u00ba 01 e 02/2018</p>", "author_name": "", "version": "1.0", "author_url": "https://www.descanso.sc.leg.br/author/deo", "provider_name": "C\u00e2mara Municipal de Vereadores", "type": "rich"}