{"provider_url": "https://www.descanso.sc.leg.br", "title": "2\u00ba sess\u00e3o ordin\u00e1ria do m\u00eas de fevereiro", "html": "<p style=\"text-align: justify; \">Na ter\u00e7a-feira, dia 09 de fevereiro foi realizada a segunda sess\u00e3o ordin\u00e1ria do m\u00eas de fevereiro, com inicio \u00e0s 19 horas no Sal\u00e3o Nobre \u00c2ngelo Bedin. Por raz\u00f5es de medidas contra o COVID-19 a sess\u00e3o estava vedada ao p\u00fablico, mas para garantir que os cidad\u00e3os de Descanso pudessem acompanhar a sess\u00e3o foi transmitida ao vivo na pagina oficial da C\u00e2mara no <i>Facebook</i>. Nesta sess\u00e3o foi realizada a aprova\u00e7\u00e3o das indica\u00e7\u00f5es, da mo\u00e7\u00e3o, e do requerimento por unanimidade de votos. E por fim a presidente Odete Maria Andrioni Nora pediu para as comiss\u00f5es realizarem a entrega dos pareceres o mais r\u00e1pido poss\u00edvel para que possa ser dado andamento nestes projetos t\u00e3o importantes para o munic\u00edpio.</p>\r\n<p style=\"text-align: justify; \">\u00a0</p>\r\n<p style=\"text-align: justify; \">As mat\u00e9rias propostas foram</p>\r\n<p style=\"text-align: justify; \"><b>INDICA\u00c7\u00c3O N\u00ba 10/2021</b> De autoria da vereadora Odete Maria Andrioni Nora, solicitando ao Executivo que atrav\u00e9s do setor competente, estude a viabilidade para concess\u00e3o de recursos para o Centro de Tradi\u00e7\u00f5es Ga\u00fachas de Descanso.</p>\r\n<p style=\"text-align: justify; \"><b>\u00a0</b></p>\r\n<p style=\"text-align: justify; \"><b>INDICA\u00c7\u00c3O N\u00ba 11/2021</b> De autoria da vereadora Odete Maria Andrioni Nora, solicitando ao Executivo que atrav\u00e9s do setor competente, providencie o cascalhamento no trecho que liga a igreja da Linha Taqua com o campo da Linha Vor\u00e1, Realizar melhorias com o patrolamento tendo in\u00edcio na Linha S\u00e3o Jos\u00e9 passando pela Linha Taqua, Vor\u00e1, Vorazinho e saindo por Itajub\u00e1. Al\u00e9m disso, faz-se necess\u00e1rio a cria\u00e7\u00e3o de Sarjetas e aprofundamentos dos bueiros que j\u00e1 existem na propriedade do senhor Erico Dorigon.</p>\r\n<p style=\"text-align: justify; \">\u00a0</p>\r\n<p style=\"text-align: justify; \"><b>INDICA\u00c7\u00c3O N\u00ba 12/2021 </b>De autoria do vereador Giovani Busnello Viera, solicitando ao Executivo que atrav\u00e9s do setor competente, estude a possibilidade de realizar o prolongamento da Avenida Martin Piaseski at\u00e9 na frente da resid\u00eancia das fam\u00edlias Tonolo e Picinini.</p>\r\n<p style=\"text-align: justify; \"><b>\u00a0</b></p>\r\n<p style=\"text-align: justify; \"><b>INDICA\u00c7\u00c3O N\u00ba 13/2021 </b>De autoria do vereador Giovani Busnello Viera, solicitando ao Executivo que atrav\u00e9s do setor competente, estude a possibilidade de voltar a dar oportunidades de est\u00e1gio para graduandos nas reparti\u00e7\u00f5es da Prefeitura Municipal de Descanso.</p>\r\n<p style=\"text-align: justify; \">\u00a0</p>\r\n<p style=\"text-align: justify; \"><b>INDICA\u00c7\u00c3O N\u00ba 14/2021 </b>De autoria do vereador Mateus Bolsoni, solicitando ao Executivo que atrav\u00e9s do setor competente, providencie a constru\u00e7\u00e3o de uma academia ao ar livre na comunidade da Linha Campinas.</p>\r\n<p style=\"text-align: justify; \">\u00a0</p>\r\n<p style=\"text-align: justify; \"><b>MO\u00c7\u00c3O DE APELO N\u00ba 02/2020: </b>De autoria do vereador Juliano Junior Kasper, solicita aos <strong>Excelent\u00edssimos Senhores</strong> <b>JAIR MESSIAS BOLSONARO</b>, Presidente da Rep\u00fablica; <b>RODRIGO PACHECO,</b> Presidente do Senado Federal; <b>ARTHUR C\u00c9SAR PEREIRA DE LIRA</b>, Presidente da C\u00e2mara dos Deputados; <b>TEREZA CRISTINA CORR\u00caA DA COSTA DIAS</b>, Ministra da Agricultura; <b>WALTER SOUZA BRAGA NETTO</b>, Ministro-Chefe da Casa Civil; <b>PAULO ROBERTO NUNES GUEDES,</b> Ministro da Economia e aos lideres dos partidos com representa\u00e7\u00e3o no Congresso Nacional, que<b> </b>reduzam a cota de importa\u00e7\u00e3o e pelo aumento do valor repassado aos produtores, al\u00e9m da estabilidade no setor de insumos, garantindo a viabilidade e manuten\u00e7\u00e3o dessa atividade agr\u00edcola, para o desenvolvimento econ\u00f4mico de todo o Munic\u00edpio, Regi\u00e3o, Estado e o Pa\u00eds.</p>\r\n<p style=\"text-align: justify; \">\u00a0</p>\r\n<p style=\"text-align: justify; \"><b>REQUERIMENTO N\u00ba 01/2021 </b>De autoria do vereador Juliano Junior Kasper, solicitando ao Executivo que responda as seguintes quest\u00f5es.</p>\r\n<p style=\"text-align: justify; \">a)\u00a0\u00a0\u00a0\u00a0\u00a0 Tendo em vista que h\u00e1 falta de medicamentos na farm\u00e1cia b\u00e1sica, Qual o motivo para a falta de medicamentos na farm\u00e1cia b\u00e1sica do munic\u00edpio?</p>\r\n<p style=\"text-align: justify; \">\u00a0</p>\r\n<p style=\"text-align: justify; \">b)\u00a0\u00a0\u00a0\u00a0\u00a0 Como \u00e9 feito o monitoramento da quantidade dos medicamentos da farm\u00e1cia b\u00e1sica, para que, antes do t\u00e9rmino, seja providenciada a solicita\u00e7\u00e3o dos mesmos?</p>\r\n<p style=\"text-align: justify; \">\u00a0</p>\r\n<p style=\"text-align: justify; \">c)\u00a0\u00a0\u00a0\u00a0\u00a0 Quando terminam os medicamentos, qual procedimento adotado?</p>\r\n<p style=\"text-align: justify; \">\u00a0</p>\r\n<p style=\"text-align: justify; \">d)\u00a0\u00a0\u00a0\u00a0 Depois de solicitados, qual prazo de chegada dos medicamentos faltantes \u00e0 farm\u00e1cia b\u00e1sica?</p>\r\n<p style=\"text-align: justify; \">\u00a0</p>\r\n<p style=\"text-align: justify; \">e)\u00a0\u00a0\u00a0\u00a0\u00a0 H\u00e1 algum medicamento n\u00e3o ser\u00e1 mais disponibilizado na farm\u00e1cia b\u00e1sica? Por qu\u00ea?</p>\r\n<p style=\"text-align: justify; \">\u00a0</p>", "author_name": "", "version": "1.0", "author_url": "https://www.descanso.sc.leg.br/author/deo", "provider_name": "C\u00e2mara Municipal de Vereadores", "type": "rich"}